{"id":3083,"date":"2024-09-27T22:01:00","date_gmt":"2024-09-27T22:01:00","guid":{"rendered":"http:\/\/lagumex.mx\/index\/?p=3083"},"modified":"2024-10-10T22:03:14","modified_gmt":"2024-10-10T22:03:14","slug":"congreso-de-durango-aprueba-reforma-en-favor-de-los-derechos-de-comunidades-indigenas-y-afromexicanas","status":"publish","type":"post","link":"https:\/\/lagumex.mx\/index\/uncategorized\/congreso-de-durango\/congreso-de-durango-aprueba-reforma-en-favor-de-los-derechos-de-comunidades-indigenas-y-afromexicanas\/","title":{"rendered":"Congreso de Durango aprueba reforma en favor de los derechos de comunidades ind\u00edgenas y afromexicanas"},"content":{"rendered":"\n<p>27 de septiembre de 2024.- <em>La reforma fortalece la autodeterminaci\u00f3n, los sistemas normativos y la protecci\u00f3n del patrimonio cultural de los pueblos originarios.<\/em><\/p>\n\n\n\n<p>El Congreso del Estado de Durango aprob\u00f3 la minuta enviada por la C\u00e1mara de Senadores que modifica el art\u00edculo 2 de la Constituci\u00f3n Pol\u00edtica de los Estados Unidos Mexicanos, reconociendo a las comunidades ind\u00edgenas y afromexicanas como sujetos de derecho p\u00fablico. Esta reforma tiene como objetivo garantizar y proteger los derechos de estos pueblos, promoviendo una nueva relaci\u00f3n entre el Estado y las comunidades originarias.<\/p>\n\n\n\n<p>El Poder Legislativo de Durango turn\u00f3 la minuta a la Comisi\u00f3n de Puntos Constitucionales, donde fue sometida a un exhaustivo an\u00e1lisis. Las y los diputados que integran dicha comisi\u00f3n destacaron que esta iniciativa aborda temas prioritarios para los pueblos originarios, al tiempo que promueve el respeto y la inclusi\u00f3n de sus sistemas normativos, su autodeterminaci\u00f3n y la protecci\u00f3n de su patrimonio cultural, material e intelectual. Posteriormente, el dictamen fue sometido a votaci\u00f3n y aprobado por la Septuag\u00e9sima Legislatura.<\/p>\n\n\n\n<p>Entre los puntos m\u00e1s relevantes del proyecto, se destaca la necesidad de realizar una consulta libre, previa e informada con las comunidades ind\u00edgenas antes de que el Estado tome cualquier decisi\u00f3n que afecte sus territorios y recursos. Este mecanismo es esencial para garantizar que las decisiones que involucren a estos pueblos se tomen con pleno respeto a su autonom\u00eda.<\/p>\n\n\n\n<p>Asimismo, la reforma reconoce y garantiza el derecho de las mujeres ind\u00edgenas y afromexicanas a participar de manera efectiva y en condiciones de igualdad en el desarrollo de sus comunidades, promoviendo su inclusi\u00f3n en todos los \u00e1mbitos de la vida comunitaria.<\/p>\n\n\n\n<p>Otro de los puntos cruciales de la reforma es la atenci\u00f3n adecuada a la ni\u00f1ez, adolescencia y juventud ind\u00edgena, asegurando que reciban servicios y atenci\u00f3n en sus lenguas propias, lo que contribuye a la preservaci\u00f3n de su identidad cultural y a su pleno desarrollo.<\/p>\n\n\n\n<p>Con la aprobaci\u00f3n de esta reforma, el Congreso del Estado de Durango reafirma su compromiso con los derechos de las comunidades ind\u00edgenas y afromexicanas, promoviendo una sociedad m\u00e1s justa, equitativa y respetuosa de la diversidad cultural.<\/p>\n","protected":false},"excerpt":{"rendered":"<p>27 de septiembre de 2024.- La reforma fortalece la autodeterminaci\u00f3n, los sistemas normativos y la protecci\u00f3n del patrimonio cultural de los pueblos originarios. El Congreso del Estado de Durango aprob\u00f3 la minuta enviada por la C\u00e1mara de Senadores que modifica el art\u00edculo 2 de la Constituci\u00f3n Pol\u00edtica de los Estados Unidos Mexicanos, reconociendo a las&#8230;<\/p>\n","protected":false},"author":1,"featured_media":3084,"comment_status":"open","ping_status":"open","sticky":false,"template":"","format":"standard","meta":{"footnotes":""},"categories":[13],"tags":[],"class_list":["post-3083","post","type-post","status-publish","format-standard","has-post-thumbnail","hentry","category-congreso-de-durango"],"_links":{"self":[{"href":"https:\/\/lagumex.mx\/index\/wp-json\/wp\/v2\/posts\/3083","targetHints":{"allow":["GET"]}}],"collection":[{"href":"https:\/\/lagumex.mx\/index\/wp-json\/wp\/v2\/posts"}],"about":[{"href":"https:\/\/lagumex.mx\/index\/wp-json\/wp\/v2\/types\/post"}],"author":[{"embeddable":true,"href":"https:\/\/lagumex.mx\/index\/wp-json\/wp\/v2\/users\/1"}],"replies":[{"embeddable":true,"href":"https:\/\/lagumex.mx\/index\/wp-json\/wp\/v2\/comments?post=3083"}],"version-history":[{"count":1,"href":"https:\/\/lagumex.mx\/index\/wp-json\/wp\/v2\/posts\/3083\/revisions"}],"predecessor-version":[{"id":3085,"href":"https:\/\/lagumex.mx\/index\/wp-json\/wp\/v2\/posts\/3083\/revisions\/3085"}],"wp:featuredmedia":[{"embeddable":true,"href":"https:\/\/lagumex.mx\/index\/wp-json\/wp\/v2\/media\/3084"}],"wp:attachment":[{"href":"https:\/\/lagumex.mx\/index\/wp-json\/wp\/v2\/media?parent=3083"}],"wp:term":[{"taxonomy":"category","embeddable":true,"href":"https:\/\/lagumex.mx\/index\/wp-json\/wp\/v2\/categories?post=3083"},{"taxonomy":"post_tag","embeddable":true,"href":"https:\/\/lagumex.mx\/index\/wp-json\/wp\/v2\/tags?post=3083"}],"curies":[{"name":"wp","href":"https:\/\/api.w.org\/{rel}","templated":true}]}}