{"id":3070,"date":"2024-10-04T02:12:13","date_gmt":"2024-10-04T02:12:13","guid":{"rendered":"http:\/\/lagumex.mx\/index\/?p=3070"},"modified":"2024-10-09T02:14:08","modified_gmt":"2024-10-09T02:14:08","slug":"jesus-sotomayor-impartio-conferencia-magistral-por-los-117-anos-de-torreon","status":"publish","type":"post","link":"https:\/\/lagumex.mx\/index\/espectaculos\/jesus-sotomayor-impartio-conferencia-magistral-por-los-117-anos-de-torreon\/","title":{"rendered":"Jes\u00fas Sotomayor imparti\u00f3 conferencia magistral por los 117 a\u00f1os de Torre\u00f3n"},"content":{"rendered":"\n<p>04 de octubre de 2024.- Con motivo del\u00a0<strong>117 aniversario de Torre\u00f3n<\/strong>\u00a0que se celebr\u00f3 en septiembre pasado, el Dr. Jes\u00fas Gerardo Sotomayor Garza imparti\u00f3 una conferencia magistral a trav\u00e9s de la\u00a0<strong>Estaci\u00f3n de Cronistas<\/strong>\u00a0que forma parte de la actividad de<strong>\u00a0Vamos a Moorelear<\/strong>, disfrutando el p\u00fablico asistente de una agradable charla en la que se habl\u00f3 de la rica historia de nuestra ciudad.<\/p>\n\n\n\n<p>En la interesante pl\u00e1tica,&nbsp;<strong>Jes\u00fas Sotomayor resalt\u00f3 que despu\u00e9s de 117 a\u00f1os Torre\u00f3n es reconocida como una ciudad progresista<\/strong>&nbsp;y como una ciudad que ha destacado no solo a nivel nacional, sino internacional, en diversas \u00e1reas. Con detalles y fechas precisas, comparti\u00f3 el proceso por el que se tuvo que pasar para que Torre\u00f3n llegara a lo que es hoy en d\u00eda, iniciando como rancho en primer lugar, despu\u00e9s como Hacienda, Congregaci\u00f3n, Estaci\u00f3n, Colonia, Villa y finalmente ciudad.<\/p>\n","protected":false},"excerpt":{"rendered":"<p>04 de octubre de 2024.- Con motivo del\u00a0117 aniversario de Torre\u00f3n\u00a0que se celebr\u00f3 en septiembre pasado, el Dr. Jes\u00fas Gerardo Sotomayor Garza imparti\u00f3 una conferencia magistral a trav\u00e9s de la\u00a0Estaci\u00f3n de Cronistas\u00a0que forma parte de la actividad de\u00a0Vamos a Moorelear, disfrutando el p\u00fablico asistente de una agradable charla en la que se habl\u00f3 de la&#8230;<\/p>\n","protected":false},"author":1,"featured_media":3071,"comment_status":"open","ping_status":"open","sticky":false,"template":"","format":"standard","meta":{"footnotes":""},"categories":[5],"tags":[],"class_list":["post-3070","post","type-post","status-publish","format-standard","has-post-thumbnail","hentry","category-espectaculos"],"_links":{"self":[{"href":"https:\/\/lagumex.mx\/index\/wp-json\/wp\/v2\/posts\/3070","targetHints":{"allow":["GET"]}}],"collection":[{"href":"https:\/\/lagumex.mx\/index\/wp-json\/wp\/v2\/posts"}],"about":[{"href":"https:\/\/lagumex.mx\/index\/wp-json\/wp\/v2\/types\/post"}],"author":[{"embeddable":true,"href":"https:\/\/lagumex.mx\/index\/wp-json\/wp\/v2\/users\/1"}],"replies":[{"embeddable":true,"href":"https:\/\/lagumex.mx\/index\/wp-json\/wp\/v2\/comments?post=3070"}],"version-history":[{"count":1,"href":"https:\/\/lagumex.mx\/index\/wp-json\/wp\/v2\/posts\/3070\/revisions"}],"predecessor-version":[{"id":3072,"href":"https:\/\/lagumex.mx\/index\/wp-json\/wp\/v2\/posts\/3070\/revisions\/3072"}],"wp:featuredmedia":[{"embeddable":true,"href":"https:\/\/lagumex.mx\/index\/wp-json\/wp\/v2\/media\/3071"}],"wp:attachment":[{"href":"https:\/\/lagumex.mx\/index\/wp-json\/wp\/v2\/media?parent=3070"}],"wp:term":[{"taxonomy":"category","embeddable":true,"href":"https:\/\/lagumex.mx\/index\/wp-json\/wp\/v2\/categories?post=3070"},{"taxonomy":"post_tag","embeddable":true,"href":"https:\/\/lagumex.mx\/index\/wp-json\/wp\/v2\/tags?post=3070"}],"curies":[{"name":"wp","href":"https:\/\/api.w.org\/{rel}","templated":true}]}}