{"id":3067,"date":"2024-10-06T02:10:50","date_gmt":"2024-10-06T02:10:50","guid":{"rendered":"http:\/\/lagumex.mx\/index\/?p=3067"},"modified":"2024-10-09T02:12:12","modified_gmt":"2024-10-09T02:12:12","slug":"regidor-juan-jose-carillo-reconoce-eficacia-del-cabildo-itinerante","status":"publish","type":"post","link":"https:\/\/lagumex.mx\/index\/lerdo\/regidor-juan-jose-carillo-reconoce-eficacia-del-cabildo-itinerante\/","title":{"rendered":"Regidor Juan Jos\u00e9 Carillo, reconoce eficacia del Cabildo Itinerante"},"content":{"rendered":"\n<p>06 de octubre de 2024.- Derivado de la iniciativa para implementar el Cabildo Itinerante en diversas comunidades rurales, el primer regidor de Lerdo, Juan Jos\u00e9 Carrillo Aldaba, reconoci\u00f3 que ha habido buenos resultados ya que esto ha permitido mantener el contacto con la poblaci\u00f3n de manera m\u00e1s estrecha y directa. Reconoci\u00f3 que aunque implica salir de la mancha urbana y de la comodidad de la salda de cabildo, es necesario este trabajo en territorio, ya que ah\u00ed es donde se vive palpable las necesidades de la gente.<\/p>\n\n\n\n<p>El priista, se\u00f1al\u00f3 que aunque siempre se ha tenido el acercamiento con la ciudadan\u00eda y poblaci\u00f3n, con este ejercicio se cumple con las promesas de campa\u00f1a que el alcalde, Homero Mart\u00ednez hizo, que se estar\u00eda atento a las necesidades de las todos los sectores lerdenses.<\/p>\n","protected":false},"excerpt":{"rendered":"<p>06 de octubre de 2024.- Derivado de la iniciativa para implementar el Cabildo Itinerante en diversas comunidades rurales, el primer regidor de Lerdo, Juan Jos\u00e9 Carrillo Aldaba, reconoci\u00f3 que ha habido buenos resultados ya que esto ha permitido mantener el contacto con la poblaci\u00f3n de manera m\u00e1s estrecha y directa. Reconoci\u00f3 que aunque implica salir&#8230;<\/p>\n","protected":false},"author":1,"featured_media":3068,"comment_status":"open","ping_status":"open","sticky":false,"template":"","format":"standard","meta":{"footnotes":""},"categories":[3],"tags":[],"class_list":["post-3067","post","type-post","status-publish","format-standard","has-post-thumbnail","hentry","category-lerdo"],"_links":{"self":[{"href":"https:\/\/lagumex.mx\/index\/wp-json\/wp\/v2\/posts\/3067","targetHints":{"allow":["GET"]}}],"collection":[{"href":"https:\/\/lagumex.mx\/index\/wp-json\/wp\/v2\/posts"}],"about":[{"href":"https:\/\/lagumex.mx\/index\/wp-json\/wp\/v2\/types\/post"}],"author":[{"embeddable":true,"href":"https:\/\/lagumex.mx\/index\/wp-json\/wp\/v2\/users\/1"}],"replies":[{"embeddable":true,"href":"https:\/\/lagumex.mx\/index\/wp-json\/wp\/v2\/comments?post=3067"}],"version-history":[{"count":1,"href":"https:\/\/lagumex.mx\/index\/wp-json\/wp\/v2\/posts\/3067\/revisions"}],"predecessor-version":[{"id":3069,"href":"https:\/\/lagumex.mx\/index\/wp-json\/wp\/v2\/posts\/3067\/revisions\/3069"}],"wp:featuredmedia":[{"embeddable":true,"href":"https:\/\/lagumex.mx\/index\/wp-json\/wp\/v2\/media\/3068"}],"wp:attachment":[{"href":"https:\/\/lagumex.mx\/index\/wp-json\/wp\/v2\/media?parent=3067"}],"wp:term":[{"taxonomy":"category","embeddable":true,"href":"https:\/\/lagumex.mx\/index\/wp-json\/wp\/v2\/categories?post=3067"},{"taxonomy":"post_tag","embeddable":true,"href":"https:\/\/lagumex.mx\/index\/wp-json\/wp\/v2\/tags?post=3067"}],"curies":[{"name":"wp","href":"https:\/\/api.w.org\/{rel}","templated":true}]}}