{"id":3064,"date":"2024-10-03T02:09:18","date_gmt":"2024-10-03T02:09:18","guid":{"rendered":"http:\/\/lagumex.mx\/index\/?p=3064"},"modified":"2024-10-09T02:10:49","modified_gmt":"2024-10-09T02:10:49","slug":"realizan-cabildo-abierto-en-ejido-la-mina-en-lerdo","status":"publish","type":"post","link":"https:\/\/lagumex.mx\/index\/lerdo\/realizan-cabildo-abierto-en-ejido-la-mina-en-lerdo\/","title":{"rendered":"Realizan Cabildo Abierto en ejido La Mina en Lerdo"},"content":{"rendered":"\n<p>03 de octubre de 2024.- La Sesi\u00f3n Ordinaria de Cabildo n\u00famero 96, con modalidad de Cabildo Abierto e Itinerante, se desarroll\u00f3 en el\u00a0<strong>domo de la cancha del Ejido La Mina, del municipio de Lerdo, Durango<\/strong>, donde se cont\u00f3 con la participaci\u00f3n de seis ciudadanos, quienes externaron las necesidades de su comunidad. Violeta Rojas abord\u00f3 el tema del agua potable en la comunidad; Bety Ant\u00fanez, Ver\u00f3nica Mart\u00ednez y Juana Mar\u00eda Lourdes,<strong>\u00a0solicitaron la pavimentaci\u00f3n de la carretera principal hacia la comunidad<\/strong>, as\u00ed como el apoyo de un transporte colectivo para los j\u00f3venes estudiantes del Ejido La Mina; Manuela Guti\u00e9rrez pidi\u00f3 apoyo para remozar la plaza, plantar \u00e1rboles e iluminarla.La Se\u00f1ora Olivia Pedroza agradeci\u00f3 al Presidente Municipal Homero Mart\u00ednez Cabrera, por su cercan\u00eda con la poblaci\u00f3n de La Mina,\u00a0<strong>demostrando ser un hombre de campo y que resuelve<\/strong>, pues aplaudi\u00f3 su r\u00e1pida respuesta al instalar el transformador que los habitantes hab\u00edan solicitado para la comunidad.<\/p>\n","protected":false},"excerpt":{"rendered":"<p>03 de octubre de 2024.- La Sesi\u00f3n Ordinaria de Cabildo n\u00famero 96, con modalidad de Cabildo Abierto e Itinerante, se desarroll\u00f3 en el\u00a0domo de la cancha del Ejido La Mina, del municipio de Lerdo, Durango, donde se cont\u00f3 con la participaci\u00f3n de seis ciudadanos, quienes externaron las necesidades de su comunidad. Violeta Rojas abord\u00f3 el&#8230;<\/p>\n","protected":false},"author":1,"featured_media":3065,"comment_status":"open","ping_status":"open","sticky":false,"template":"","format":"standard","meta":{"footnotes":""},"categories":[3],"tags":[],"class_list":["post-3064","post","type-post","status-publish","format-standard","has-post-thumbnail","hentry","category-lerdo"],"_links":{"self":[{"href":"https:\/\/lagumex.mx\/index\/wp-json\/wp\/v2\/posts\/3064","targetHints":{"allow":["GET"]}}],"collection":[{"href":"https:\/\/lagumex.mx\/index\/wp-json\/wp\/v2\/posts"}],"about":[{"href":"https:\/\/lagumex.mx\/index\/wp-json\/wp\/v2\/types\/post"}],"author":[{"embeddable":true,"href":"https:\/\/lagumex.mx\/index\/wp-json\/wp\/v2\/users\/1"}],"replies":[{"embeddable":true,"href":"https:\/\/lagumex.mx\/index\/wp-json\/wp\/v2\/comments?post=3064"}],"version-history":[{"count":1,"href":"https:\/\/lagumex.mx\/index\/wp-json\/wp\/v2\/posts\/3064\/revisions"}],"predecessor-version":[{"id":3066,"href":"https:\/\/lagumex.mx\/index\/wp-json\/wp\/v2\/posts\/3064\/revisions\/3066"}],"wp:featuredmedia":[{"embeddable":true,"href":"https:\/\/lagumex.mx\/index\/wp-json\/wp\/v2\/media\/3065"}],"wp:attachment":[{"href":"https:\/\/lagumex.mx\/index\/wp-json\/wp\/v2\/media?parent=3064"}],"wp:term":[{"taxonomy":"category","embeddable":true,"href":"https:\/\/lagumex.mx\/index\/wp-json\/wp\/v2\/categories?post=3064"},{"taxonomy":"post_tag","embeddable":true,"href":"https:\/\/lagumex.mx\/index\/wp-json\/wp\/v2\/tags?post=3064"}],"curies":[{"name":"wp","href":"https:\/\/api.w.org\/{rel}","templated":true}]}}