{"id":3046,"date":"2024-10-03T01:58:50","date_gmt":"2024-10-03T01:58:50","guid":{"rendered":"http:\/\/lagumex.mx\/index\/?p=3046"},"modified":"2024-10-09T02:00:23","modified_gmt":"2024-10-09T02:00:23","slug":"vienen-cosas-buenas-para-durango-con-la-presidenta-claudia-sheinbaum-esteban","status":"publish","type":"post","link":"https:\/\/lagumex.mx\/index\/durango\/vienen-cosas-buenas-para-durango-con-la-presidenta-claudia-sheinbaum-esteban\/","title":{"rendered":"Vienen cosas buenas para Durango con la presidenta Claudia Sheinbaum: Esteban"},"content":{"rendered":"\n<p>03 de octubre de 2024.- El nuevo Gobierno Federal considera a Durango entre sus 100 compromisos, con proyectos en beneficio de los ciudadanos.<\/p>\n\n\n\n<p>Con la llegada de la Presidenta de M\u00e9xico, Claudia Sheinbaum, habr\u00e1 una nueva etapa en el pa\u00eds, ella le va a imprimir un estilo diferente con sus principios b\u00e1sicos y a Durango le vienen cosas buenas durante estos seis a\u00f1os, asegur\u00f3 el gobernador Esteban Villegas Villarreal al considerar que con la buena relaci\u00f3n que tiene con el gabinete federal, se traducir\u00e1 en m\u00e1s obras y beneficios para la gente de la entidad.<\/p>\n\n\n\n<p>Hemos hablado de proyectos estrat\u00e9gicos con la Presidenta y en su mensaje de los 100 compromisos, nombra m\u00e1s de dos veces a Durango, dijo el Gobernador, al destacar que en este nuevo gobierno, el rubro del agua y medio ambiente ser\u00e1n prioridad, adem\u00e1s de su mensaje a los mercados internacionales, lo cual es positivo para las empresas que llegan a la entidad y generan empleo; \u201ctengan la certeza de que van a contar con el sost\u00e9n del Gobierno Federal, eso ayuda bastante para la atracci\u00f3n de las empresas con las que ya se tienen pl\u00e1ticas\u201d, agreg\u00f3.<\/p>\n\n\n\n<p>Agreg\u00f3 que, en el tema de la Presa Tunal II, se busca que se lleve a cabo, ya que eso ser\u00eda un antes y un despu\u00e9s para Durango, porque los estados que tengan agua en el futuro, van a ser los m\u00e1s pr\u00f3speros, esto aunado al trabajo con las&nbsp; energ\u00edas renovables.<\/p>\n\n\n\n<p>\u201cLa Presidenta va a impulsar un programa agresivo de vivienda, ya estamos trabajando con los responsables del \u00e1rea, para que sobre todo, sean viviendas para los j\u00f3venes que puedan mejor adquirir con lo que pagan actualmente de renta; yo le estoy proponiendo un programa fuerte de escrituraci\u00f3n y regularizaci\u00f3n de terrenos para que la gente tenga certeza legal de su casa\u201d, apunt\u00f3 Esteban.<\/p>\n\n\n\n<p>Dijo que tambi\u00e9n se ha dialogado en tema de carreteras y de caminos, y adem\u00e1s hay un anuncio de recuperaci\u00f3n de las v\u00edas estatales, para los cuales Durango ya tiene sus proyectos listos, esto adem\u00e1s de la tecnificaci\u00f3n del campo.<\/p>\n\n\n\n<p>\u201cVamos a seguir trabajando en coordinaci\u00f3n con el Gobierno Federal y se va a mantener la buena relaci\u00f3n para que vengan mejores cosas para los duranguenses\u201d, finaliz\u00f3 Villegas Villarreal.<\/p>\n","protected":false},"excerpt":{"rendered":"<p>03 de octubre de 2024.- El nuevo Gobierno Federal considera a Durango entre sus 100 compromisos, con proyectos en beneficio de los ciudadanos. Con la llegada de la Presidenta de M\u00e9xico, Claudia Sheinbaum, habr\u00e1 una nueva etapa en el pa\u00eds, ella le va a imprimir un estilo diferente con sus principios b\u00e1sicos y a Durango&#8230;<\/p>\n","protected":false},"author":1,"featured_media":3047,"comment_status":"open","ping_status":"open","sticky":false,"template":"","format":"standard","meta":{"footnotes":""},"categories":[1],"tags":[],"class_list":["post-3046","post","type-post","status-publish","format-standard","has-post-thumbnail","hentry","category-durango"],"_links":{"self":[{"href":"https:\/\/lagumex.mx\/index\/wp-json\/wp\/v2\/posts\/3046","targetHints":{"allow":["GET"]}}],"collection":[{"href":"https:\/\/lagumex.mx\/index\/wp-json\/wp\/v2\/posts"}],"about":[{"href":"https:\/\/lagumex.mx\/index\/wp-json\/wp\/v2\/types\/post"}],"author":[{"embeddable":true,"href":"https:\/\/lagumex.mx\/index\/wp-json\/wp\/v2\/users\/1"}],"replies":[{"embeddable":true,"href":"https:\/\/lagumex.mx\/index\/wp-json\/wp\/v2\/comments?post=3046"}],"version-history":[{"count":1,"href":"https:\/\/lagumex.mx\/index\/wp-json\/wp\/v2\/posts\/3046\/revisions"}],"predecessor-version":[{"id":3048,"href":"https:\/\/lagumex.mx\/index\/wp-json\/wp\/v2\/posts\/3046\/revisions\/3048"}],"wp:featuredmedia":[{"embeddable":true,"href":"https:\/\/lagumex.mx\/index\/wp-json\/wp\/v2\/media\/3047"}],"wp:attachment":[{"href":"https:\/\/lagumex.mx\/index\/wp-json\/wp\/v2\/media?parent=3046"}],"wp:term":[{"taxonomy":"category","embeddable":true,"href":"https:\/\/lagumex.mx\/index\/wp-json\/wp\/v2\/categories?post=3046"},{"taxonomy":"post_tag","embeddable":true,"href":"https:\/\/lagumex.mx\/index\/wp-json\/wp\/v2\/tags?post=3046"}],"curies":[{"name":"wp","href":"https:\/\/api.w.org\/{rel}","templated":true}]}}