{"id":3027,"date":"2024-10-01T00:01:13","date_gmt":"2024-10-01T00:01:13","guid":{"rendered":"http:\/\/lagumex.mx\/index\/?p=3027"},"modified":"2024-10-03T00:02:27","modified_gmt":"2024-10-03T00:02:27","slug":"arranca-homero-martinez-construccion-de-centro-de-salud-en-ejido-seis-de-enero","status":"publish","type":"post","link":"https:\/\/lagumex.mx\/index\/lerdo\/arranca-homero-martinez-construccion-de-centro-de-salud-en-ejido-seis-de-enero\/","title":{"rendered":"Arranca Homero Mart\u00ednez construcci\u00f3n de centro de salud en ejido seis de enero"},"content":{"rendered":"\n<p>01 de octubre de 2024, Lerdo, Durango.- El Presidente Municipal, Homero Mart\u00ednez Cabrera, dio inicio a la construcci\u00f3n de un nuevo Centro de Salud en el Ejido Seis de Enero, con una inversi\u00f3n de 2.5 millones de pesos. <\/p>\n\n\n\n<p>El Alcalde, tambi\u00e9n expres\u00f3 su agradecimiento al Gobernador Esteban Villegas Villarreal por su compromiso con la salud de los duranguenses, se\u00f1alando que el Municipio de Lerdo ha seguido su ejemplo mediante la rehabilitaci\u00f3n y mejora de los espacios de salud, como lo fue en la Cl\u00ednica Municipal.<\/p>\n\n\n\n<p>Las autoridades locales agradecieron al Presidente Municipal por lo que consideran una obra hist\u00f3rica para la comunidad que beneficiar\u00e1 en la atenci\u00f3n m\u00e9dica de miles de habitantes.Durante el evento, el Alcalde estuvo acompa\u00f1ado por autoridades locales, incluyendo a Carmen Alvarado, Jefa de Cuartel, y Manuel Garc\u00eda, Comisariado Ejidal, as\u00ed como la S\u00edndica Alina Arlette Rivera, el Tesorero Municipal Juan Moreno Valero, y el director de Obras P\u00fablicas, Antonio S\u00e1nchez.<\/p>\n","protected":false},"excerpt":{"rendered":"<p>01 de octubre de 2024, Lerdo, Durango.- El Presidente Municipal, Homero Mart\u00ednez Cabrera, dio inicio a la construcci\u00f3n de un nuevo Centro de Salud en el Ejido Seis de Enero, con una inversi\u00f3n de 2.5 millones de pesos. El Alcalde, tambi\u00e9n expres\u00f3 su agradecimiento al Gobernador Esteban Villegas Villarreal por su compromiso con la salud&#8230;<\/p>\n","protected":false},"author":1,"featured_media":3028,"comment_status":"open","ping_status":"open","sticky":false,"template":"","format":"standard","meta":{"footnotes":""},"categories":[3],"tags":[],"class_list":["post-3027","post","type-post","status-publish","format-standard","has-post-thumbnail","hentry","category-lerdo"],"_links":{"self":[{"href":"https:\/\/lagumex.mx\/index\/wp-json\/wp\/v2\/posts\/3027","targetHints":{"allow":["GET"]}}],"collection":[{"href":"https:\/\/lagumex.mx\/index\/wp-json\/wp\/v2\/posts"}],"about":[{"href":"https:\/\/lagumex.mx\/index\/wp-json\/wp\/v2\/types\/post"}],"author":[{"embeddable":true,"href":"https:\/\/lagumex.mx\/index\/wp-json\/wp\/v2\/users\/1"}],"replies":[{"embeddable":true,"href":"https:\/\/lagumex.mx\/index\/wp-json\/wp\/v2\/comments?post=3027"}],"version-history":[{"count":1,"href":"https:\/\/lagumex.mx\/index\/wp-json\/wp\/v2\/posts\/3027\/revisions"}],"predecessor-version":[{"id":3029,"href":"https:\/\/lagumex.mx\/index\/wp-json\/wp\/v2\/posts\/3027\/revisions\/3029"}],"wp:featuredmedia":[{"embeddable":true,"href":"https:\/\/lagumex.mx\/index\/wp-json\/wp\/v2\/media\/3028"}],"wp:attachment":[{"href":"https:\/\/lagumex.mx\/index\/wp-json\/wp\/v2\/media?parent=3027"}],"wp:term":[{"taxonomy":"category","embeddable":true,"href":"https:\/\/lagumex.mx\/index\/wp-json\/wp\/v2\/categories?post=3027"},{"taxonomy":"post_tag","embeddable":true,"href":"https:\/\/lagumex.mx\/index\/wp-json\/wp\/v2\/tags?post=3027"}],"curies":[{"name":"wp","href":"https:\/\/api.w.org\/{rel}","templated":true}]}}