{"id":3021,"date":"2024-10-02T11:58:00","date_gmt":"2024-10-02T11:58:00","guid":{"rendered":"http:\/\/lagumex.mx\/index\/?p=3021"},"modified":"2024-10-03T00:00:16","modified_gmt":"2024-10-03T00:00:16","slug":"torreon-tendra-mas-videovigilancia-en-el-2025","status":"publish","type":"post","link":"https:\/\/lagumex.mx\/index\/uncategorized\/torreon\/torreon-tendra-mas-videovigilancia-en-el-2025\/","title":{"rendered":"Torre\u00f3n tendr\u00e1 m\u00e1s videovigilancia en el 2025"},"content":{"rendered":"\n<p>02 de octubre de 2024, Torre\u00f3n, Coahuila. &#8211; El Secretario de Seguridad P\u00fablica del Estado, Federico Fern\u00e1ndez Monta\u00f1ez, anunci\u00f3 que en breve el\u00a0<strong>gobernador de Coahuila, Manolo Jim\u00e9nez Salinas<\/strong>, anunciar\u00e1 la implementaci\u00f3n de un\u00a0<strong>nuevo sistema de video vigilancia<\/strong>, con tecnolog\u00eda de punta, que permitir\u00e1 dar\u00a0<strong>un paso m\u00e1s en materia de seguridad en La Laguna y en Saltillo.<\/strong> <em>\u201cSiempre se est\u00e1 hablando del reacomodo de c\u00e1maras, de instalar m\u00e1s, Torre\u00f3n y Saltillo son los municipios con m\u00e1s c\u00e1maras inteligentes instaladas, en Monclova en la parte de la regi\u00f3n centro desierto hay d\u00e9ficit, entonces en los pr\u00f3ximos d\u00edas el gobernador de Coahuila dar\u00e1 a conocer una nueva inversi\u00f3n en este sentido, para que en enero del 2025 se ponga en marcha\u201d, asever\u00f3 Fern\u00e1ndez Monta\u00f1ez.<\/em><\/p>\n","protected":false},"excerpt":{"rendered":"<p>02 de octubre de 2024, Torre\u00f3n, Coahuila. &#8211; El Secretario de Seguridad P\u00fablica del Estado, Federico Fern\u00e1ndez Monta\u00f1ez, anunci\u00f3 que en breve el\u00a0gobernador de Coahuila, Manolo Jim\u00e9nez Salinas, anunciar\u00e1 la implementaci\u00f3n de un\u00a0nuevo sistema de video vigilancia, con tecnolog\u00eda de punta, que permitir\u00e1 dar\u00a0un paso m\u00e1s en materia de seguridad en La Laguna y en&#8230;<\/p>\n","protected":false},"author":1,"featured_media":3022,"comment_status":"open","ping_status":"open","sticky":false,"template":"","format":"standard","meta":{"footnotes":""},"categories":[10],"tags":[],"class_list":["post-3021","post","type-post","status-publish","format-standard","has-post-thumbnail","hentry","category-torreon"],"_links":{"self":[{"href":"https:\/\/lagumex.mx\/index\/wp-json\/wp\/v2\/posts\/3021","targetHints":{"allow":["GET"]}}],"collection":[{"href":"https:\/\/lagumex.mx\/index\/wp-json\/wp\/v2\/posts"}],"about":[{"href":"https:\/\/lagumex.mx\/index\/wp-json\/wp\/v2\/types\/post"}],"author":[{"embeddable":true,"href":"https:\/\/lagumex.mx\/index\/wp-json\/wp\/v2\/users\/1"}],"replies":[{"embeddable":true,"href":"https:\/\/lagumex.mx\/index\/wp-json\/wp\/v2\/comments?post=3021"}],"version-history":[{"count":1,"href":"https:\/\/lagumex.mx\/index\/wp-json\/wp\/v2\/posts\/3021\/revisions"}],"predecessor-version":[{"id":3023,"href":"https:\/\/lagumex.mx\/index\/wp-json\/wp\/v2\/posts\/3021\/revisions\/3023"}],"wp:featuredmedia":[{"embeddable":true,"href":"https:\/\/lagumex.mx\/index\/wp-json\/wp\/v2\/media\/3022"}],"wp:attachment":[{"href":"https:\/\/lagumex.mx\/index\/wp-json\/wp\/v2\/media?parent=3021"}],"wp:term":[{"taxonomy":"category","embeddable":true,"href":"https:\/\/lagumex.mx\/index\/wp-json\/wp\/v2\/categories?post=3021"},{"taxonomy":"post_tag","embeddable":true,"href":"https:\/\/lagumex.mx\/index\/wp-json\/wp\/v2\/tags?post=3021"}],"curies":[{"name":"wp","href":"https:\/\/api.w.org\/{rel}","templated":true}]}}