{"id":3014,"date":"2024-10-01T23:54:59","date_gmt":"2024-10-01T23:54:59","guid":{"rendered":"http:\/\/lagumex.mx\/index\/?p=3014"},"modified":"2024-10-02T23:55:43","modified_gmt":"2024-10-02T23:55:43","slug":"agradecen-mujeres-duranguenses-campanas-gratuitas-de-marisol-y-esteban-para-la-prevencion-del-cancer-de-mama","status":"publish","type":"post","link":"https:\/\/lagumex.mx\/index\/durango\/agradecen-mujeres-duranguenses-campanas-gratuitas-de-marisol-y-esteban-para-la-prevencion-del-cancer-de-mama\/","title":{"rendered":"Agradecen mujeres duranguenses campa\u00f1as gratuitas de Marisol y Esteban para la prevenci\u00f3n del c\u00e1ncer de mama"},"content":{"rendered":"\n<p>01 de octubre de 2024.- \u201cAqu\u00ed en Durango s\u00ed se encuentra ese apoyo que en otros estados no hay\u201d, coinciden.<\/p>\n\n\n\n<p>Al participar en la \u201cCaminata de la Esperanza\u201d, la primera actividad del \u201cMes Rosa\u201d en conmemoraci\u00f3n al D\u00eda Internacional de la Lucha contra el C\u00e1ncer de Mama, mujeres duranguenses reconocieron las campa\u00f1as y acciones gratuitas que impulsan la presidenta del DIF Estatal, Marisol Rosso y el gobernador Esteban Villegas, ya que gracias a ellas, se pueden salvar muchas vidas.<\/p>\n\n\n\n<p>Laura Rojas, sobreviviente de c\u00e1ncer de mama, mencion\u00f3 lo importante de prevenir, de hacerse la exploraci\u00f3n y la revisi\u00f3n anual para la detecci\u00f3n a tiempo, \u201cagradecemos mucho el apoyo del Gobernador y la se\u00f1ora Marisol\u201d, expres\u00f3 tras reconocer el acompa\u00f1amiento que realizan a este tratamiento que ayuda mucho, sobre todo como un apoyo emocional.<\/p>\n\n\n\n<p>En este sentido, Mar\u00eda del Rayo Figueroa, quien tambi\u00e9n padeci\u00f3 de este c\u00e1ncer y comparti\u00f3 lo dif\u00edcil y doloroso que fue para ella este proceso, felicit\u00f3 a la presidenta del DIF Estatal por hacer estas campa\u00f1as y llegar a todos los rincones donde las mujeres no tienen acceso a estos tratamientos; \u201clas mujeres somos muy valiosas y los hombres tambi\u00e9n tienen que explorarse, agradezco todo esto que est\u00e1n haciendo\u201d, afirm\u00f3.<\/p>\n\n\n\n<p>De igual forma, Celestina de la Cruz dijo que ella como paciente aconseja que no se descuiden y aprovechen estas campa\u00f1as, ya que si se detecta el c\u00e1ncer a tiempo, es curable; all\u00ed, platic\u00f3 que muchas compa\u00f1eras se han revisado en las campa\u00f1as de los \u201ccamioncitos rosas\u201d y han logrado atenderse, \u201caqu\u00ed en Durango s\u00ed se encuentra ese apoyo con la se\u00f1ora Marisol y Esteban, por eso invit\u00f3 a que aprovechen estas campa\u00f1as que en otros estados no hay\u201d.<\/p>\n\n\n\n<p>As\u00ed es como la sociedad duranguense demostr\u00f3 que cada vez son m\u00e1s personas que se unen a las actividades conmemorativas del 19 de octubre, D\u00eda Internacional de la Lucha contra el C\u00e1ncer de Mama, para lograr el objetivo que el mensaje llegue a cada vez m\u00e1s mujeres y vean la importancia de la autoexploraci\u00f3n, as\u00ed como el fomentar la educaci\u00f3n sobre la prevenci\u00f3n oportuna por medio del programa de mastograf\u00eda que acerca el Gobierno del Estado de forma gratuita.<\/p>\n","protected":false},"excerpt":{"rendered":"<p>01 de octubre de 2024.- \u201cAqu\u00ed en Durango s\u00ed se encuentra ese apoyo que en otros estados no hay\u201d, coinciden. Al participar en la \u201cCaminata de la Esperanza\u201d, la primera actividad del \u201cMes Rosa\u201d en conmemoraci\u00f3n al D\u00eda Internacional de la Lucha contra el C\u00e1ncer de Mama, mujeres duranguenses reconocieron las campa\u00f1as y acciones gratuitas&#8230;<\/p>\n","protected":false},"author":1,"featured_media":3015,"comment_status":"open","ping_status":"open","sticky":false,"template":"","format":"standard","meta":{"footnotes":""},"categories":[1],"tags":[],"class_list":["post-3014","post","type-post","status-publish","format-standard","has-post-thumbnail","hentry","category-durango"],"_links":{"self":[{"href":"https:\/\/lagumex.mx\/index\/wp-json\/wp\/v2\/posts\/3014","targetHints":{"allow":["GET"]}}],"collection":[{"href":"https:\/\/lagumex.mx\/index\/wp-json\/wp\/v2\/posts"}],"about":[{"href":"https:\/\/lagumex.mx\/index\/wp-json\/wp\/v2\/types\/post"}],"author":[{"embeddable":true,"href":"https:\/\/lagumex.mx\/index\/wp-json\/wp\/v2\/users\/1"}],"replies":[{"embeddable":true,"href":"https:\/\/lagumex.mx\/index\/wp-json\/wp\/v2\/comments?post=3014"}],"version-history":[{"count":1,"href":"https:\/\/lagumex.mx\/index\/wp-json\/wp\/v2\/posts\/3014\/revisions"}],"predecessor-version":[{"id":3016,"href":"https:\/\/lagumex.mx\/index\/wp-json\/wp\/v2\/posts\/3014\/revisions\/3016"}],"wp:featuredmedia":[{"embeddable":true,"href":"https:\/\/lagumex.mx\/index\/wp-json\/wp\/v2\/media\/3015"}],"wp:attachment":[{"href":"https:\/\/lagumex.mx\/index\/wp-json\/wp\/v2\/media?parent=3014"}],"wp:term":[{"taxonomy":"category","embeddable":true,"href":"https:\/\/lagumex.mx\/index\/wp-json\/wp\/v2\/categories?post=3014"},{"taxonomy":"post_tag","embeddable":true,"href":"https:\/\/lagumex.mx\/index\/wp-json\/wp\/v2\/tags?post=3014"}],"curies":[{"name":"wp","href":"https:\/\/api.w.org\/{rel}","templated":true}]}}