{"id":3005,"date":"2024-09-28T23:49:00","date_gmt":"2024-09-28T23:49:00","guid":{"rendered":"http:\/\/lagumex.mx\/index\/?p=3005"},"modified":"2024-10-02T23:51:55","modified_gmt":"2024-10-02T23:51:55","slug":"esteban-nos-cumplio-el-sueno-de-tener-un-gimnasio-auditorio-digno-de-la-bycened-maestros-papas-y-alumnos","status":"publish","type":"post","link":"https:\/\/lagumex.mx\/index\/durango\/esteban-nos-cumplio-el-sueno-de-tener-un-gimnasio-auditorio-digno-de-la-bycened-maestros-papas-y-alumnos\/","title":{"rendered":"Esteban nos cumpli\u00f3 el sue\u00f1o de tener un Gimnasio- Auditorio digno de la ByCENED: maestros, pap\u00e1s y alumnos"},"content":{"rendered":"\n<p>28 de septiembre de 2024.- Es un lugar de entretenimiento deportivo que fortalece el desarrollo f\u00edsico y educativo de nuestros hijos: Selene Ontiveros, madre de familia.<\/p>\n\n\n\n<p>Despu\u00e9s de varios a\u00f1os de espera,&nbsp; el gobernador Esteban Villegas Villarreal, nos cumpli\u00f3 el sue\u00f1o de contar con instalaciones dignas para que los alumnos realicen deportes, actividades c\u00edvicas y art\u00edsticas, destacaron maestros, padres de familia y estudiantes de la Benem\u00e9rita y Centenaria Escuela Normal del Estado de Durango (ByCENED), al estrenar el Gimnasio-Auditorio \u201cFrancisco Celis Mel\u00e9ndez\u201d.<\/p>\n\n\n\n<p>\u201cEstamos muy emocionados, me acuerdo cuando era estudiante de la Normal y vinieron a poner la primera piedra para hacer el auditorio, y despu\u00e9s de m\u00e1s de 20 a\u00f1os, vemos que se logr\u00f3 y est\u00e1 padr\u00edsimo, el Gobernador ha dado respuesta inmediata a lo que le hemos pedido, estamos muy agradecidos con \u00e9l\u201d, expres\u00f3 la maestra Aida Guti\u00e9rrez Alan\u00eds.<\/p>\n\n\n\n<p>\u201cVamos a sacarle el mayor beneficio, ya que con estas instalaciones impulsamos a los j\u00f3venes con un lugar de entretenimiento deportivo que fortalece su desarrollo f\u00edsico y educativo\u201d, consider\u00f3 la se\u00f1ora Selene Ontiveros Garc\u00eda, madre de familia, al celebrar la inauguraci\u00f3n de este espacio en el que se podr\u00e1n realizar eventos de todo tipo.<\/p>\n\n\n\n<p>Los alumnos Katia Soto L\u00f3pez y David Gamboa que cursan el bachillerato, se mostraron muy entusiasmados con los resultados del gimnasio, ya que ten\u00edan tiempo esperando la construcci\u00f3n; \u201cest\u00e1 muy padre, ser\u00e1 impresionante jugar en un lugar tan grande, agradecemos al Gobernador su compromiso de terminarlo\u201d, dijeron.<\/p>\n\n\n\n<p>La subdirectora de preescolar, Karla Maa y la maestra Mariana Valenzuela, concordaron en que es una obra muy importante que abre muchas puertas en el deporte para los alumnos y una gran oportunidad para los ni\u00f1os m\u00e1s peque\u00f1os, ya que ser\u00e1 disfrutado por varias generaciones en esta instituci\u00f3n.<\/p>\n\n\n\n<p>Es as\u00ed como una de las instituciones educativas m\u00e1s queridas por los duranguenses, ahora cuenta con mejores instalaciones y espacios para el desarrollo de sus estudiantes, ya que adem\u00e1s de contar con un gimnasio-auditorio completamente equipado, tambi\u00e9n tienen ya un comedor escolar entregado por el gobernador Esteban Villegas y su esposa Marisol Rosso.<\/p>\n","protected":false},"excerpt":{"rendered":"<p>28 de septiembre de 2024.- Es un lugar de entretenimiento deportivo que fortalece el desarrollo f\u00edsico y educativo de nuestros hijos: Selene Ontiveros, madre de familia. Despu\u00e9s de varios a\u00f1os de espera,&nbsp; el gobernador Esteban Villegas Villarreal, nos cumpli\u00f3 el sue\u00f1o de contar con instalaciones dignas para que los alumnos realicen deportes, actividades c\u00edvicas y&#8230;<\/p>\n","protected":false},"author":1,"featured_media":3006,"comment_status":"open","ping_status":"open","sticky":false,"template":"","format":"standard","meta":{"footnotes":""},"categories":[1],"tags":[],"class_list":["post-3005","post","type-post","status-publish","format-standard","has-post-thumbnail","hentry","category-durango"],"_links":{"self":[{"href":"https:\/\/lagumex.mx\/index\/wp-json\/wp\/v2\/posts\/3005","targetHints":{"allow":["GET"]}}],"collection":[{"href":"https:\/\/lagumex.mx\/index\/wp-json\/wp\/v2\/posts"}],"about":[{"href":"https:\/\/lagumex.mx\/index\/wp-json\/wp\/v2\/types\/post"}],"author":[{"embeddable":true,"href":"https:\/\/lagumex.mx\/index\/wp-json\/wp\/v2\/users\/1"}],"replies":[{"embeddable":true,"href":"https:\/\/lagumex.mx\/index\/wp-json\/wp\/v2\/comments?post=3005"}],"version-history":[{"count":1,"href":"https:\/\/lagumex.mx\/index\/wp-json\/wp\/v2\/posts\/3005\/revisions"}],"predecessor-version":[{"id":3007,"href":"https:\/\/lagumex.mx\/index\/wp-json\/wp\/v2\/posts\/3005\/revisions\/3007"}],"wp:featuredmedia":[{"embeddable":true,"href":"https:\/\/lagumex.mx\/index\/wp-json\/wp\/v2\/media\/3006"}],"wp:attachment":[{"href":"https:\/\/lagumex.mx\/index\/wp-json\/wp\/v2\/media?parent=3005"}],"wp:term":[{"taxonomy":"category","embeddable":true,"href":"https:\/\/lagumex.mx\/index\/wp-json\/wp\/v2\/categories?post=3005"},{"taxonomy":"post_tag","embeddable":true,"href":"https:\/\/lagumex.mx\/index\/wp-json\/wp\/v2\/tags?post=3005"}],"curies":[{"name":"wp","href":"https:\/\/api.w.org\/{rel}","templated":true}]}}