{"id":2990,"date":"2024-09-23T23:44:00","date_gmt":"2024-09-23T23:44:00","guid":{"rendered":"http:\/\/lagumex.mx\/index\/?p=2990"},"modified":"2024-10-02T23:45:01","modified_gmt":"2024-10-02T23:45:01","slug":"esteban-pone-en-marcha-vii-congreso-nacional-de-investigacion-sobre-educacion-normal-con-sede-en-durango","status":"publish","type":"post","link":"https:\/\/lagumex.mx\/index\/durango\/esteban-pone-en-marcha-vii-congreso-nacional-de-investigacion-sobre-educacion-normal-con-sede-en-durango\/","title":{"rendered":"Esteban pone en marcha VII Congreso Nacional de Investigaci\u00f3n sobre Educaci\u00f3n Normal con sede en Durango"},"content":{"rendered":"\n<p>\u00a023 de septiembre de 2024.- En la entidad se promueve la igualdad, equidad y la salud mental de estudiantes y docentes: EVV.<\/p>\n\n\n\n<p>Para promover la investigaci\u00f3n educativa y el intercambio de conocimientos para mejorar la formaci\u00f3n de docentes en el pa\u00eds, el gobernador Esteban Villegas Villareal, puso en marcha el VII Congreso Nacional de Investigaci\u00f3n Sobre Educaci\u00f3n Normal (CONISEN) que se lleva a cabo en Durango con actividades del 24 al 27 de septiembre.<\/p>\n\n\n\n<p>\u201cMe da gusto que est\u00e9n en Durango, una joya escondida del norte de M\u00e9xico\u201d, les dijo el Mandatario Estatal al dar la bienvenida a los representantes de los 32 estados del pa\u00eds y destacar que aqu\u00ed, se promueve la igualdad con la entrega de uniformes y \u00fatiles escolares, la equidad en la ense\u00f1anza con las 900 aulas digitales entregadas el a\u00f1o pasado y, preocupados por la salud mental, se desarrolla un algoritmo que permite el estudio de las emociones con el fin de atender este tema.<\/p>\n\n\n\n<p>Mario Alfonso Ch\u00e1vez, director general de Educaci\u00f3n Superior para el Magisterio (DEGESUM), a nombre del subsecretario de Educaci\u00f3n Superior Luciano Concheiro Borges, felicit\u00f3 a todos los que se sumaron a este gran evento, para iniciar su camino en la investigaci\u00f3n educativa y agradeci\u00f3 al Gobernador por el trabajo en equipo para consolidar estos compromisos, como la certeza de que vienen tiempos m\u00e1s pr\u00f3speros para la educaci\u00f3n.<\/p>\n\n\n\n<p>Por su parte, el secretario de Educaci\u00f3n, Guillermo Adame Calder\u00f3n, destac\u00f3 que con este Congreso, se fomentar\u00e1 la reflexi\u00f3n, el an\u00e1lisis, el intercambio de experiencias entre estudiantes y acad\u00e9micos de todas las instituciones formadoras de docentes del pa\u00eds, con el fin de mejorar la calidad educativa y fortalecer la formaci\u00f3n de las futuras maestras y maestros de la rep\u00fablica.<\/p>\n\n\n\n<p>Adem\u00e1s, se aumentar\u00e1 la capacidad de la formaci\u00f3n inicial, generar nuevos conocimientos y mejorar la calidad educativa en M\u00e9xico, asimismo, se favorece la creaci\u00f3n de redes acad\u00e9micas, la investigaci\u00f3n&nbsp; y el desarrollo de proyectos colaborativos, lo que llevar\u00e1 a una mayor coherencia en los programas de formaci\u00f3n de maestros y una alineaci\u00f3n mayormente efectiva entre la teor\u00eda educativa y la pr\u00e1ctica docente, detall\u00f3.<\/p>\n\n\n\n<p>\u201cBienvenidos a esta tierra del buen mezcal, s\u00e9 que tendr\u00e1n eventos deportivos, culturales y acad\u00e9micos, ojal\u00e1 se la pasen muy bien en Durango, somos de los tres estados m\u00e1s seguros del pa\u00eds, est\u00e9n tranquilos\u201d, concluy\u00f3 Villegas Villarreal, para luego dar paso a la primer ponencia a cargo del Dr. \u00c1ngel Rogelio D\u00edaz Barriga Casales.<\/p>\n\n\n\n<p>Ser\u00e1n 944 actividades distribuidas en ponencias, talleres y conferencias con las que el CONISEN, cuyo lema es \u201cinvestigar para formar\u201d, busca fortalecer la calidad educativa en las escuelas normales y fomentar el desarrollo profesional de los docentes.<\/p>\n\n\n\n<p>Vivir\u00e1n cuatro d\u00edas enriquecedores, con actividades acad\u00e9micas, culturales y deportivas, los participantes podr\u00e1n disfrutar de escenarios que ofrece Durango como lo son la Plaza Fundadores, Paseo del Viejo Oeste y el reci\u00e9n recuperado Teatro del Calvario \u201cLilia Santaella\u201d.<\/p>\n","protected":false},"excerpt":{"rendered":"<p>\u00a023 de septiembre de 2024.- En la entidad se promueve la igualdad, equidad y la salud mental de estudiantes y docentes: EVV. Para promover la investigaci\u00f3n educativa y el intercambio de conocimientos para mejorar la formaci\u00f3n de docentes en el pa\u00eds, el gobernador Esteban Villegas Villareal, puso en marcha el VII Congreso Nacional de Investigaci\u00f3n&#8230;<\/p>\n","protected":false},"author":1,"featured_media":2991,"comment_status":"open","ping_status":"open","sticky":false,"template":"","format":"standard","meta":{"footnotes":""},"categories":[1],"tags":[],"class_list":["post-2990","post","type-post","status-publish","format-standard","has-post-thumbnail","hentry","category-durango"],"_links":{"self":[{"href":"https:\/\/lagumex.mx\/index\/wp-json\/wp\/v2\/posts\/2990","targetHints":{"allow":["GET"]}}],"collection":[{"href":"https:\/\/lagumex.mx\/index\/wp-json\/wp\/v2\/posts"}],"about":[{"href":"https:\/\/lagumex.mx\/index\/wp-json\/wp\/v2\/types\/post"}],"author":[{"embeddable":true,"href":"https:\/\/lagumex.mx\/index\/wp-json\/wp\/v2\/users\/1"}],"replies":[{"embeddable":true,"href":"https:\/\/lagumex.mx\/index\/wp-json\/wp\/v2\/comments?post=2990"}],"version-history":[{"count":1,"href":"https:\/\/lagumex.mx\/index\/wp-json\/wp\/v2\/posts\/2990\/revisions"}],"predecessor-version":[{"id":2992,"href":"https:\/\/lagumex.mx\/index\/wp-json\/wp\/v2\/posts\/2990\/revisions\/2992"}],"wp:featuredmedia":[{"embeddable":true,"href":"https:\/\/lagumex.mx\/index\/wp-json\/wp\/v2\/media\/2991"}],"wp:attachment":[{"href":"https:\/\/lagumex.mx\/index\/wp-json\/wp\/v2\/media?parent=2990"}],"wp:term":[{"taxonomy":"category","embeddable":true,"href":"https:\/\/lagumex.mx\/index\/wp-json\/wp\/v2\/categories?post=2990"},{"taxonomy":"post_tag","embeddable":true,"href":"https:\/\/lagumex.mx\/index\/wp-json\/wp\/v2\/tags?post=2990"}],"curies":[{"name":"wp","href":"https:\/\/api.w.org\/{rel}","templated":true}]}}