{"id":2987,"date":"2024-09-22T23:42:00","date_gmt":"2024-09-22T23:42:00","guid":{"rendered":"http:\/\/lagumex.mx\/index\/?p=2987"},"modified":"2024-10-02T23:43:29","modified_gmt":"2024-10-02T23:43:29","slug":"nueva-etapa-que-vive-durango-requiere-el-compromiso-de-todos-esteban-se-reune-con-legisladores-federales-para-trabajar-en-equipo-por-durango","status":"publish","type":"post","link":"https:\/\/lagumex.mx\/index\/durango\/nueva-etapa-que-vive-durango-requiere-el-compromiso-de-todos-esteban-se-reune-con-legisladores-federales-para-trabajar-en-equipo-por-durango\/","title":{"rendered":"\u201dNueva etapa que vive Durango requiere el compromiso de todos\u201d; Esteban se re\u00fane con legisladores federales para trabajar en equipo\u00a0 por Durango"},"content":{"rendered":"\n<p>22 de septiembre de 2024.-\u201cHaremos un solo equipo por Durango\u201d, expres\u00f3 el gobernador Esteban Villegas Villarreal al reunirse y platicar con los legisladores federales de todos los partidos pol\u00edticos, a fin de unificar esfuerzos y prioridades, para que entre todos puedan buscar mayores oportunidades para la entidad desde el Centro del pa\u00eds.<\/p>\n\n\n\n<p>La etapa que vive Durango, exige el compromiso de todos los que vivimos en esta tierra, dijo Mandatario Estatal al reiterar su voluntad y compromiso para trabajar junto a los diputados y senadores&nbsp; en pol\u00edticas p\u00fablicas para el bienestar de los ciudadanos, as\u00ed como mantener el esfuerzo para que&nbsp; el estado mantenga su desarrollo.<\/p>\n\n\n\n<p>El Ejecutivo Estatal, junto con su equipo de trabajo, present\u00f3 ante los legisladores, el panorama general de la entidad en diferentes temas fundamentales de su crecimiento integral: las inversiones, seguridad, estatus ganadero, bondades potenciales de cada regi\u00f3n, as\u00ed como los grandes esfuerzos que se realizaron para mejorar las finanzas p\u00fablicas.<\/p>\n\n\n\n<p>Durante esta exposici\u00f3n de acciones y proyectos prioritarios, Villegas Villarreal destac\u00f3 que esto ha sido posible gracias al respaldo del Presidente de M\u00e9xico, Andr\u00e9s Manuel L\u00f3pez Obrador, y cuya buena relaci\u00f3n se espera tambi\u00e9n con la Presidenta electa, Claudia Sheinbaum Pardo.<\/p>\n\n\n\n<p>De igual forma reconoci\u00f3 la disposici\u00f3n de trabajo de las y los legisladores que han demostrado un trabajo de unidad y sin distingos para lograr un Durango m\u00e1s fuerte y con un mejor futuro para todos, \u00absoy un permanente gestor que Gobierna para todos, asinti\u00f3\u00bb.<\/p>\n\n\n\n<p>En esta productiva reuni\u00f3n, estuvieron presentes los senadores , Margarita Valdez Mart\u00ednez, Gina Campuzano Gonz\u00e1lez y Alejandro Gonz\u00e1lez Y\u00e1\u00f1ez.<\/p>\n\n\n\n<p>De igual manera los diputados federales Martha Olivia Garc\u00eda Vida\u00f1a, Alma Marina Vitela Rodr\u00edguez, Silvia Patricia Jim\u00e9nez Delgado, Ver\u00f3nica P\u00e9rez Herrera, Juan Moreno de Haro,&nbsp; Betzab\u00e9 Mart\u00ednez Arango, Arturo Y\u00e1\u00f1ez Cuellar y Gerardo Villarreal Sol\u00eds.<\/p>\n","protected":false},"excerpt":{"rendered":"<p>22 de septiembre de 2024.-\u201cHaremos un solo equipo por Durango\u201d, expres\u00f3 el gobernador Esteban Villegas Villarreal al reunirse y platicar con los legisladores federales de todos los partidos pol\u00edticos, a fin de unificar esfuerzos y prioridades, para que entre todos puedan buscar mayores oportunidades para la entidad desde el Centro del pa\u00eds. La etapa que&#8230;<\/p>\n","protected":false},"author":1,"featured_media":2988,"comment_status":"open","ping_status":"open","sticky":false,"template":"","format":"standard","meta":{"footnotes":""},"categories":[1],"tags":[],"class_list":["post-2987","post","type-post","status-publish","format-standard","has-post-thumbnail","hentry","category-durango"],"_links":{"self":[{"href":"https:\/\/lagumex.mx\/index\/wp-json\/wp\/v2\/posts\/2987","targetHints":{"allow":["GET"]}}],"collection":[{"href":"https:\/\/lagumex.mx\/index\/wp-json\/wp\/v2\/posts"}],"about":[{"href":"https:\/\/lagumex.mx\/index\/wp-json\/wp\/v2\/types\/post"}],"author":[{"embeddable":true,"href":"https:\/\/lagumex.mx\/index\/wp-json\/wp\/v2\/users\/1"}],"replies":[{"embeddable":true,"href":"https:\/\/lagumex.mx\/index\/wp-json\/wp\/v2\/comments?post=2987"}],"version-history":[{"count":1,"href":"https:\/\/lagumex.mx\/index\/wp-json\/wp\/v2\/posts\/2987\/revisions"}],"predecessor-version":[{"id":2989,"href":"https:\/\/lagumex.mx\/index\/wp-json\/wp\/v2\/posts\/2987\/revisions\/2989"}],"wp:featuredmedia":[{"embeddable":true,"href":"https:\/\/lagumex.mx\/index\/wp-json\/wp\/v2\/media\/2988"}],"wp:attachment":[{"href":"https:\/\/lagumex.mx\/index\/wp-json\/wp\/v2\/media?parent=2987"}],"wp:term":[{"taxonomy":"category","embeddable":true,"href":"https:\/\/lagumex.mx\/index\/wp-json\/wp\/v2\/categories?post=2987"},{"taxonomy":"post_tag","embeddable":true,"href":"https:\/\/lagumex.mx\/index\/wp-json\/wp\/v2\/tags?post=2987"}],"curies":[{"name":"wp","href":"https:\/\/api.w.org\/{rel}","templated":true}]}}