{"id":2970,"date":"2024-09-21T10:55:00","date_gmt":"2024-09-21T10:55:00","guid":{"rendered":"http:\/\/lagumex.mx\/index\/?p=2970"},"modified":"2024-09-21T22:56:35","modified_gmt":"2024-09-21T22:56:35","slug":"reportan-brote-de-hepatitis-en-diez-escuelas-de-la-laguna","status":"publish","type":"post","link":"https:\/\/lagumex.mx\/index\/gomez-palacio\/reportan-brote-de-hepatitis-en-diez-escuelas-de-la-laguna\/","title":{"rendered":"Reportan brote de Hepatitis en diez escuelas de La Laguna"},"content":{"rendered":"\n<p>21 de septiembre de 2024, G\u00f3mez Palacio, Durango.- Reportan el brote de hepatitis en al menos diez\u00a0<strong>escuelas<\/strong>\u00a0de la Regi\u00f3n Lagunera de Durango,\u00a0<strong>Ulises Adame de Le\u00f3n, subsecretario de Educaci\u00f3n<\/strong>\u00a0se\u00f1al\u00f3 que se trata de un problema serio. Le funcionario detall\u00f3 que se ha hecho un trabajo en conjunto con los dos niveles de gobierno.<\/p>\n\n\n\n<p>\u201cPor&nbsp;<strong>Hepatitis&nbsp;<\/strong>hemos tenido brotes, y es tambi\u00e9n hacer el llamado a los padres que evitemos a como de lugar el&nbsp;<strong>contacto con alimentos que no tengan una certificaci\u00f3n<\/strong>, una garant\u00eda de limpieza porque por ah\u00ed se nos presentaron algunos brote de Hepatitis, en diez escuelas tuvimos brote de Hepatitis y suspendimos ah\u00ed mientras se hac\u00eda la investigaci\u00f3n pero fue un d\u00eda, una jornada\u201d, indic\u00f3.<\/p>\n","protected":false},"excerpt":{"rendered":"<p>21 de septiembre de 2024, G\u00f3mez Palacio, Durango.- Reportan el brote de hepatitis en al menos diez\u00a0escuelas\u00a0de la Regi\u00f3n Lagunera de Durango,\u00a0Ulises Adame de Le\u00f3n, subsecretario de Educaci\u00f3n\u00a0se\u00f1al\u00f3 que se trata de un problema serio. Le funcionario detall\u00f3 que se ha hecho un trabajo en conjunto con los dos niveles de gobierno. \u201cPor&nbsp;Hepatitis&nbsp;hemos tenido brotes,&#8230;<\/p>\n","protected":false},"author":1,"featured_media":2971,"comment_status":"open","ping_status":"open","sticky":false,"template":"","format":"standard","meta":{"footnotes":""},"categories":[12],"tags":[],"class_list":["post-2970","post","type-post","status-publish","format-standard","has-post-thumbnail","hentry","category-gomez-palacio"],"_links":{"self":[{"href":"https:\/\/lagumex.mx\/index\/wp-json\/wp\/v2\/posts\/2970","targetHints":{"allow":["GET"]}}],"collection":[{"href":"https:\/\/lagumex.mx\/index\/wp-json\/wp\/v2\/posts"}],"about":[{"href":"https:\/\/lagumex.mx\/index\/wp-json\/wp\/v2\/types\/post"}],"author":[{"embeddable":true,"href":"https:\/\/lagumex.mx\/index\/wp-json\/wp\/v2\/users\/1"}],"replies":[{"embeddable":true,"href":"https:\/\/lagumex.mx\/index\/wp-json\/wp\/v2\/comments?post=2970"}],"version-history":[{"count":1,"href":"https:\/\/lagumex.mx\/index\/wp-json\/wp\/v2\/posts\/2970\/revisions"}],"predecessor-version":[{"id":2972,"href":"https:\/\/lagumex.mx\/index\/wp-json\/wp\/v2\/posts\/2970\/revisions\/2972"}],"wp:featuredmedia":[{"embeddable":true,"href":"https:\/\/lagumex.mx\/index\/wp-json\/wp\/v2\/media\/2971"}],"wp:attachment":[{"href":"https:\/\/lagumex.mx\/index\/wp-json\/wp\/v2\/media?parent=2970"}],"wp:term":[{"taxonomy":"category","embeddable":true,"href":"https:\/\/lagumex.mx\/index\/wp-json\/wp\/v2\/categories?post=2970"},{"taxonomy":"post_tag","embeddable":true,"href":"https:\/\/lagumex.mx\/index\/wp-json\/wp\/v2\/tags?post=2970"}],"curies":[{"name":"wp","href":"https:\/\/api.w.org\/{rel}","templated":true}]}}