{"id":2967,"date":"2024-09-21T10:54:00","date_gmt":"2024-09-21T10:54:00","guid":{"rendered":"http:\/\/lagumex.mx\/index\/?p=2967"},"modified":"2024-09-21T22:55:23","modified_gmt":"2024-09-21T22:55:23","slug":"museo-de-arte-moderno-60-anos-de-provocacion-artistica-con-exposiciones-especiales","status":"publish","type":"post","link":"https:\/\/lagumex.mx\/index\/espectaculos\/museo-de-arte-moderno-60-anos-de-provocacion-artistica-con-exposiciones-especiales\/","title":{"rendered":"Museo de Arte Moderno 60 a\u00f1os de provocaci\u00f3n art\u00edstica con exposiciones especiales"},"content":{"rendered":"\n<p>21 de septiembre de 2024.- El\u00a0<strong>museo<\/strong>\u00a0de\u00a0<strong>Arte Moderno (<a href=\"https:\/\/www.elsoldemexico.com.mx\/cultura\/mam-exhibe-su-relacion-con-el-arte-contemporaneo-hecho-en-mexico-con-todo-habia-estado-muy-normal-12448106.html\">MAM<\/a>)\u00a0<\/strong>celebra seis d\u00e9cadas como uno de los espacios de mayor apertura para el estudio, conservaci\u00f3n y\u00a0<strong>exhibici\u00f3n\u00a0<\/strong>de nuevas propuestas\u00a0<strong>art\u00edsticas mexicanas<\/strong>\u00a0surgidas desde mediados del siglo XX. Su inauguraci\u00f3n fue el 20 de septiembre de 1964.<\/p>\n\n\n\n<p>\u201cEl&nbsp;<strong>museo<\/strong>&nbsp;ha sido una doble espiral a lo largo de estos 60 a\u00f1os. Por un lado, fue un espacio que permiti\u00f3 la consagraci\u00f3n de una serie de propuestas pl\u00e1sticas que denominamos \u2018Escuela mexicana de&nbsp;<strong>pintura<\/strong>\u2019, con lo que se estabiliz\u00f3 una manera de entender la modernidad en M\u00e9xico durante la primera mitad del siglo XX.<\/p>\n","protected":false},"excerpt":{"rendered":"<p>21 de septiembre de 2024.- El\u00a0museo\u00a0de\u00a0Arte Moderno (MAM)\u00a0celebra seis d\u00e9cadas como uno de los espacios de mayor apertura para el estudio, conservaci\u00f3n y\u00a0exhibici\u00f3n\u00a0de nuevas propuestas\u00a0art\u00edsticas mexicanas\u00a0surgidas desde mediados del siglo XX. Su inauguraci\u00f3n fue el 20 de septiembre de 1964. \u201cEl&nbsp;museo&nbsp;ha sido una doble espiral a lo largo de estos 60 a\u00f1os. Por un lado,&#8230;<\/p>\n","protected":false},"author":1,"featured_media":2968,"comment_status":"open","ping_status":"open","sticky":false,"template":"","format":"standard","meta":{"footnotes":""},"categories":[5],"tags":[],"class_list":["post-2967","post","type-post","status-publish","format-standard","has-post-thumbnail","hentry","category-espectaculos"],"_links":{"self":[{"href":"https:\/\/lagumex.mx\/index\/wp-json\/wp\/v2\/posts\/2967","targetHints":{"allow":["GET"]}}],"collection":[{"href":"https:\/\/lagumex.mx\/index\/wp-json\/wp\/v2\/posts"}],"about":[{"href":"https:\/\/lagumex.mx\/index\/wp-json\/wp\/v2\/types\/post"}],"author":[{"embeddable":true,"href":"https:\/\/lagumex.mx\/index\/wp-json\/wp\/v2\/users\/1"}],"replies":[{"embeddable":true,"href":"https:\/\/lagumex.mx\/index\/wp-json\/wp\/v2\/comments?post=2967"}],"version-history":[{"count":1,"href":"https:\/\/lagumex.mx\/index\/wp-json\/wp\/v2\/posts\/2967\/revisions"}],"predecessor-version":[{"id":2969,"href":"https:\/\/lagumex.mx\/index\/wp-json\/wp\/v2\/posts\/2967\/revisions\/2969"}],"wp:featuredmedia":[{"embeddable":true,"href":"https:\/\/lagumex.mx\/index\/wp-json\/wp\/v2\/media\/2968"}],"wp:attachment":[{"href":"https:\/\/lagumex.mx\/index\/wp-json\/wp\/v2\/media?parent=2967"}],"wp:term":[{"taxonomy":"category","embeddable":true,"href":"https:\/\/lagumex.mx\/index\/wp-json\/wp\/v2\/categories?post=2967"},{"taxonomy":"post_tag","embeddable":true,"href":"https:\/\/lagumex.mx\/index\/wp-json\/wp\/v2\/tags?post=2967"}],"curies":[{"name":"wp","href":"https:\/\/api.w.org\/{rel}","templated":true}]}}