{"id":2964,"date":"2024-09-21T10:53:00","date_gmt":"2024-09-21T10:53:00","guid":{"rendered":"http:\/\/lagumex.mx\/index\/?p=2964"},"modified":"2024-09-21T22:54:16","modified_gmt":"2024-09-21T22:54:16","slug":"presentan-la-primera-edicion-del-gran-reto-coahuila-260","status":"publish","type":"post","link":"https:\/\/lagumex.mx\/index\/sports\/presentan-la-primera-edicion-del-gran-reto-coahuila-260\/","title":{"rendered":"Presentan la primera edici\u00f3n del Gran Reto Coahuila 260"},"content":{"rendered":"\n<p>21 de septiembre de 2024, Torre\u00f3n, Coahuila.- Ser\u00e1 el pr\u00f3ximo 2 de noviembre del presente a\u00f1o, cuando se llevar\u00e1 a cabo la primera edici\u00f3n del Gran Reto Coahuila 260, una rodada ciclista de convivencia con un recorrido de 260 kil\u00f3metros que va de Saltillo a Torre\u00f3n, pasando por los Pueblos M\u00e1gicos de General Cepeda, Parras de la Fuente y Viesca.<\/p>\n\n\n\n<p>Lo anterior se dio a conocer en conferencia de prensa por parte de Luis Miguel Hern\u00e1ndez Guerrero, coach del equipo ciclista Power Motion de Saltillo y miembro del comit\u00e9 organizador del evento, siendo acompa\u00f1ado por representantes de otros clubes laguneros que van a tomar parte en el Gran Reto Coahuila 260.<\/p>\n","protected":false},"excerpt":{"rendered":"<p>21 de septiembre de 2024, Torre\u00f3n, Coahuila.- Ser\u00e1 el pr\u00f3ximo 2 de noviembre del presente a\u00f1o, cuando se llevar\u00e1 a cabo la primera edici\u00f3n del Gran Reto Coahuila 260, una rodada ciclista de convivencia con un recorrido de 260 kil\u00f3metros que va de Saltillo a Torre\u00f3n, pasando por los Pueblos M\u00e1gicos de General Cepeda, Parras&#8230;<\/p>\n","protected":false},"author":1,"featured_media":2965,"comment_status":"open","ping_status":"open","sticky":false,"template":"","format":"standard","meta":{"footnotes":""},"categories":[4],"tags":[],"class_list":["post-2964","post","type-post","status-publish","format-standard","has-post-thumbnail","hentry","category-sports"],"_links":{"self":[{"href":"https:\/\/lagumex.mx\/index\/wp-json\/wp\/v2\/posts\/2964","targetHints":{"allow":["GET"]}}],"collection":[{"href":"https:\/\/lagumex.mx\/index\/wp-json\/wp\/v2\/posts"}],"about":[{"href":"https:\/\/lagumex.mx\/index\/wp-json\/wp\/v2\/types\/post"}],"author":[{"embeddable":true,"href":"https:\/\/lagumex.mx\/index\/wp-json\/wp\/v2\/users\/1"}],"replies":[{"embeddable":true,"href":"https:\/\/lagumex.mx\/index\/wp-json\/wp\/v2\/comments?post=2964"}],"version-history":[{"count":1,"href":"https:\/\/lagumex.mx\/index\/wp-json\/wp\/v2\/posts\/2964\/revisions"}],"predecessor-version":[{"id":2966,"href":"https:\/\/lagumex.mx\/index\/wp-json\/wp\/v2\/posts\/2964\/revisions\/2966"}],"wp:featuredmedia":[{"embeddable":true,"href":"https:\/\/lagumex.mx\/index\/wp-json\/wp\/v2\/media\/2965"}],"wp:attachment":[{"href":"https:\/\/lagumex.mx\/index\/wp-json\/wp\/v2\/media?parent=2964"}],"wp:term":[{"taxonomy":"category","embeddable":true,"href":"https:\/\/lagumex.mx\/index\/wp-json\/wp\/v2\/categories?post=2964"},{"taxonomy":"post_tag","embeddable":true,"href":"https:\/\/lagumex.mx\/index\/wp-json\/wp\/v2\/tags?post=2964"}],"curies":[{"name":"wp","href":"https:\/\/api.w.org\/{rel}","templated":true}]}}