{"id":296,"date":"2023-06-16T16:37:54","date_gmt":"2023-06-16T16:37:54","guid":{"rendered":"http:\/\/lagumex.mx\/index\/?p=296"},"modified":"2023-06-16T16:37:54","modified_gmt":"2023-06-16T16:37:54","slug":"alumno-de-6-anos-deleita-con-recital-de-piano-en-el-teatro-de-camara-de-la-uac","status":"publish","type":"post","link":"https:\/\/lagumex.mx\/index\/espectaculos\/alumno-de-6-anos-deleita-con-recital-de-piano-en-el-teatro-de-camara-de-la-uac\/","title":{"rendered":"Alumno de 6 a\u00f1os deleita con recital de piano en el Teatro de C\u00e1mara de la UAC"},"content":{"rendered":"\n<h2 class=\"wp-block-heading\">P\u00fablico reconoci\u00f3 el gran talento de Jos\u00e9 Andr\u00e9s \u00c1vila Carbajal<\/h2>\n\n\n\n<p>Jos\u00e9 Andr\u00e9s \u00c1vila Carbajal, alumno de 6 a\u00f1os de edad del Colegio Cervantes, llev\u00f3 a cabo su primer recital de piano en el Teatro de C\u00e1mara de la Universidad Aut\u00f3noma de Coahuila Unidad Torre\u00f3n, deleitando al p\u00fablico asistente con el tema \u2018Himno de la Alegr\u00eda\u2019, mostrando un gran talento para este instrumento musical arm\u00f3nico, por lo que al final se gan\u00f3 la ovaci\u00f3n y aplausos de los presentes.<\/p>\n\n\n\n<p>Jos\u00e9 Andr\u00e9s inici\u00f3 sus clases de piano hace siete meses en la academia Scala Piano Studio, con la maestra Luisa Gonz\u00e1lez, mostrando pronto aptitudes para asimilar las notas y habilidad para las teclas, aprendiendo en poco tiempo el \u2018Himno de la Alegr\u00eda\u2019, tema que present\u00f3 el pasado s\u00e1bado 10 de junio en el Teatro de C\u00e1mara, luci\u00e9ndose ante un lugar que present\u00f3 una estupenda asistencia del p\u00fablico, mismo que reconoci\u00f3 al peque\u00f1o m\u00fasico.<\/p>\n","protected":false},"excerpt":{"rendered":"<p>P\u00fablico reconoci\u00f3 el gran talento de Jos\u00e9 Andr\u00e9s \u00c1vila Carbajal Jos\u00e9 Andr\u00e9s \u00c1vila Carbajal, alumno de 6 a\u00f1os de edad del Colegio Cervantes, llev\u00f3 a cabo su primer recital de piano en el Teatro de C\u00e1mara de la Universidad Aut\u00f3noma de Coahuila Unidad Torre\u00f3n, deleitando al p\u00fablico asistente con el tema \u2018Himno de la Alegr\u00eda\u2019,&#8230;<\/p>\n","protected":false},"author":1,"featured_media":297,"comment_status":"open","ping_status":"open","sticky":false,"template":"","format":"standard","meta":{"footnotes":""},"categories":[5,11,6],"tags":[],"class_list":["post-296","post","type-post","status-publish","format-standard","has-post-thumbnail","hentry","category-espectaculos","category-uac","category-uncategorized"],"_links":{"self":[{"href":"https:\/\/lagumex.mx\/index\/wp-json\/wp\/v2\/posts\/296","targetHints":{"allow":["GET"]}}],"collection":[{"href":"https:\/\/lagumex.mx\/index\/wp-json\/wp\/v2\/posts"}],"about":[{"href":"https:\/\/lagumex.mx\/index\/wp-json\/wp\/v2\/types\/post"}],"author":[{"embeddable":true,"href":"https:\/\/lagumex.mx\/index\/wp-json\/wp\/v2\/users\/1"}],"replies":[{"embeddable":true,"href":"https:\/\/lagumex.mx\/index\/wp-json\/wp\/v2\/comments?post=296"}],"version-history":[{"count":1,"href":"https:\/\/lagumex.mx\/index\/wp-json\/wp\/v2\/posts\/296\/revisions"}],"predecessor-version":[{"id":298,"href":"https:\/\/lagumex.mx\/index\/wp-json\/wp\/v2\/posts\/296\/revisions\/298"}],"wp:featuredmedia":[{"embeddable":true,"href":"https:\/\/lagumex.mx\/index\/wp-json\/wp\/v2\/media\/297"}],"wp:attachment":[{"href":"https:\/\/lagumex.mx\/index\/wp-json\/wp\/v2\/media?parent=296"}],"wp:term":[{"taxonomy":"category","embeddable":true,"href":"https:\/\/lagumex.mx\/index\/wp-json\/wp\/v2\/categories?post=296"},{"taxonomy":"post_tag","embeddable":true,"href":"https:\/\/lagumex.mx\/index\/wp-json\/wp\/v2\/tags?post=296"}],"curies":[{"name":"wp","href":"https:\/\/api.w.org\/{rel}","templated":true}]}}