{"id":2956,"date":"2024-09-20T22:49:36","date_gmt":"2024-09-20T22:49:36","guid":{"rendered":"http:\/\/lagumex.mx\/index\/?p=2956"},"modified":"2024-09-21T22:50:37","modified_gmt":"2024-09-21T22:50:37","slug":"cumplira-homero-martinez-y-esteban-villegas-con-construccion-de-fraccionamientos-a-habitantes-damnificados-de-cesar-g-meraz","status":"publish","type":"post","link":"https:\/\/lagumex.mx\/index\/lerdo\/cumplira-homero-martinez-y-esteban-villegas-con-construccion-de-fraccionamientos-a-habitantes-damnificados-de-cesar-g-meraz\/","title":{"rendered":"Cumplir\u00e1 Homero Mart\u00ednez y Esteban Villegas con construcci\u00f3n de fraccionamientos a habitantes damnificados de C\u00e9sar G. Meraz"},"content":{"rendered":"\n<p>20 de septiembre de 2024, Lerdo, Durango.- Los habitantes de la colonia C\u00e9sar G. Meraz, afectados hace 16 a\u00f1os por la apertura de abras, recibir\u00e1n un nuevo fraccionamiento residencial. El Presidente Municipal de Lerdo, Homero Mart\u00ednez Cabrera, junto con el director de la COESVI Regi\u00f3n Laguna, Francisco Bard\u00e1n, realiz\u00f3 el anuncio y dio el banderazo oficial para la \u00faltima etapa de construcci\u00f3n de estas viviendas.<\/p>\n\n\n\n<p>Durante una reuni\u00f3n en el Fraccionamiento Huerto Escondido con las 27 familias beneficiadas, Homero Mart\u00ednez reafirm\u00f3 su compromiso de proporcionar viviendas con servicios p\u00fablicos completos y acabados que mejoren la calidad de vida de los damnificados. \u00abCon este anuncio, cumplo mi palabra como Presidente Municipal para la donaci\u00f3n de un domicilio digno,\u00bb se\u00f1al\u00f3. El municipio se encargar\u00e1 de la interconexi\u00f3n de agua potable, la ampliaci\u00f3n de la red de drenaje, la extensi\u00f3n de la red el\u00e9ctrica y la instalaci\u00f3n de alumbrado p\u00fablico, con una inversi\u00f3n superior a los 2 millones 200 mil pesos. \u00abCon esto dejaremos unas instalaciones habitables,\u00bb afirm\u00f3 el edil. Las casas ser\u00e1n construidas por COESVI, que tambi\u00e9n proporcionar\u00e1 vitropiso, instalaciones el\u00e9ctricas, ventanas y el resanado de los domicilios para asegurar que las viviendas sean dignas.<\/p>\n","protected":false},"excerpt":{"rendered":"<p>20 de septiembre de 2024, Lerdo, Durango.- Los habitantes de la colonia C\u00e9sar G. Meraz, afectados hace 16 a\u00f1os por la apertura de abras, recibir\u00e1n un nuevo fraccionamiento residencial. El Presidente Municipal de Lerdo, Homero Mart\u00ednez Cabrera, junto con el director de la COESVI Regi\u00f3n Laguna, Francisco Bard\u00e1n, realiz\u00f3 el anuncio y dio el banderazo&#8230;<\/p>\n","protected":false},"author":1,"featured_media":2957,"comment_status":"open","ping_status":"open","sticky":false,"template":"","format":"standard","meta":{"footnotes":""},"categories":[3],"tags":[],"class_list":["post-2956","post","type-post","status-publish","format-standard","has-post-thumbnail","hentry","category-lerdo"],"_links":{"self":[{"href":"https:\/\/lagumex.mx\/index\/wp-json\/wp\/v2\/posts\/2956","targetHints":{"allow":["GET"]}}],"collection":[{"href":"https:\/\/lagumex.mx\/index\/wp-json\/wp\/v2\/posts"}],"about":[{"href":"https:\/\/lagumex.mx\/index\/wp-json\/wp\/v2\/types\/post"}],"author":[{"embeddable":true,"href":"https:\/\/lagumex.mx\/index\/wp-json\/wp\/v2\/users\/1"}],"replies":[{"embeddable":true,"href":"https:\/\/lagumex.mx\/index\/wp-json\/wp\/v2\/comments?post=2956"}],"version-history":[{"count":1,"href":"https:\/\/lagumex.mx\/index\/wp-json\/wp\/v2\/posts\/2956\/revisions"}],"predecessor-version":[{"id":2958,"href":"https:\/\/lagumex.mx\/index\/wp-json\/wp\/v2\/posts\/2956\/revisions\/2958"}],"wp:featuredmedia":[{"embeddable":true,"href":"https:\/\/lagumex.mx\/index\/wp-json\/wp\/v2\/media\/2957"}],"wp:attachment":[{"href":"https:\/\/lagumex.mx\/index\/wp-json\/wp\/v2\/media?parent=2956"}],"wp:term":[{"taxonomy":"category","embeddable":true,"href":"https:\/\/lagumex.mx\/index\/wp-json\/wp\/v2\/categories?post=2956"},{"taxonomy":"post_tag","embeddable":true,"href":"https:\/\/lagumex.mx\/index\/wp-json\/wp\/v2\/tags?post=2956"}],"curies":[{"name":"wp","href":"https:\/\/api.w.org\/{rel}","templated":true}]}}