{"id":2953,"date":"2024-09-19T22:46:25","date_gmt":"2024-09-19T22:46:25","guid":{"rendered":"http:\/\/lagumex.mx\/index\/?p=2953"},"modified":"2024-09-21T22:49:24","modified_gmt":"2024-09-21T22:49:24","slug":"realizan-simulacro-en-lerdo-por-el-dia-nacional-de-proteccion-civil","status":"publish","type":"post","link":"https:\/\/lagumex.mx\/index\/lerdo\/realizan-simulacro-en-lerdo-por-el-dia-nacional-de-proteccion-civil\/","title":{"rendered":"Realizan simulacro en Lerdo por el d\u00eda nacional de Protecci\u00f3n Civil"},"content":{"rendered":"\n<p>19 de lerdo de 2024, Lerdo, Durango.- Por instrucciones del Alcalde Homero Mart\u00ednez Cabrera, la Coordinaci\u00f3n de Protecci\u00f3n Civil y Bomberos de Lerdo llev\u00f3 a cabo con \u00e9xito un simulacro de evacuaci\u00f3n con tem\u00e1tica de incendio en la Presidencia Municipal en un total de 3 minutos, con la participaci\u00f3n de 169 empleados y 24 usuarios en las 27 \u00e1reas del edificio.El simulacro comenz\u00f3 a las 11:00 horas, bajo la hip\u00f3tesis de un incendio en el \u00e1rea de Contralor\u00eda. Al activarse la alarma de emergencia, todo el personal fue evacuado de manera ordenada, mientras el equipo de Bomberos controlaba el incendio simulado. Adem\u00e1s, de manera previa, se celebr\u00f3 un acto c\u00edvico para conmemorar el D\u00eda Nacional de Protecci\u00f3n Civil, recordando los sismos de 1985 y 2017. Durante el evento, se destac\u00f3 la importancia de la prevenci\u00f3n y la responsabilidad compartida entre las corporaciones operativas y la ciudadan\u00eda en el cumplimiento de las medidas b\u00e1sicas de seguridad, tanto en el hogar como en el lugar de trabajo.<\/p>\n","protected":false},"excerpt":{"rendered":"<p>19 de lerdo de 2024, Lerdo, Durango.- Por instrucciones del Alcalde Homero Mart\u00ednez Cabrera, la Coordinaci\u00f3n de Protecci\u00f3n Civil y Bomberos de Lerdo llev\u00f3 a cabo con \u00e9xito un simulacro de evacuaci\u00f3n con tem\u00e1tica de incendio en la Presidencia Municipal en un total de 3 minutos, con la participaci\u00f3n de 169 empleados y 24 usuarios&#8230;<\/p>\n","protected":false},"author":1,"featured_media":2954,"comment_status":"open","ping_status":"open","sticky":false,"template":"","format":"standard","meta":{"footnotes":""},"categories":[3],"tags":[],"class_list":["post-2953","post","type-post","status-publish","format-standard","has-post-thumbnail","hentry","category-lerdo"],"_links":{"self":[{"href":"https:\/\/lagumex.mx\/index\/wp-json\/wp\/v2\/posts\/2953","targetHints":{"allow":["GET"]}}],"collection":[{"href":"https:\/\/lagumex.mx\/index\/wp-json\/wp\/v2\/posts"}],"about":[{"href":"https:\/\/lagumex.mx\/index\/wp-json\/wp\/v2\/types\/post"}],"author":[{"embeddable":true,"href":"https:\/\/lagumex.mx\/index\/wp-json\/wp\/v2\/users\/1"}],"replies":[{"embeddable":true,"href":"https:\/\/lagumex.mx\/index\/wp-json\/wp\/v2\/comments?post=2953"}],"version-history":[{"count":1,"href":"https:\/\/lagumex.mx\/index\/wp-json\/wp\/v2\/posts\/2953\/revisions"}],"predecessor-version":[{"id":2955,"href":"https:\/\/lagumex.mx\/index\/wp-json\/wp\/v2\/posts\/2953\/revisions\/2955"}],"wp:featuredmedia":[{"embeddable":true,"href":"https:\/\/lagumex.mx\/index\/wp-json\/wp\/v2\/media\/2954"}],"wp:attachment":[{"href":"https:\/\/lagumex.mx\/index\/wp-json\/wp\/v2\/media?parent=2953"}],"wp:term":[{"taxonomy":"category","embeddable":true,"href":"https:\/\/lagumex.mx\/index\/wp-json\/wp\/v2\/categories?post=2953"},{"taxonomy":"post_tag","embeddable":true,"href":"https:\/\/lagumex.mx\/index\/wp-json\/wp\/v2\/tags?post=2953"}],"curies":[{"name":"wp","href":"https:\/\/api.w.org\/{rel}","templated":true}]}}