{"id":2950,"date":"2024-09-21T10:45:00","date_gmt":"2024-09-21T10:45:00","guid":{"rendered":"http:\/\/lagumex.mx\/index\/?p=2950"},"modified":"2024-09-21T22:46:24","modified_gmt":"2024-09-21T22:46:24","slug":"ahora-tenemos-un-aeropuerto-de-altura-agradecen-empresarios-y-visitantes-al-gobernador-esteban-por-remodelacion-del-gral-guadalupe-victoria","status":"publish","type":"post","link":"https:\/\/lagumex.mx\/index\/durango\/ahora-tenemos-un-aeropuerto-de-altura-agradecen-empresarios-y-visitantes-al-gobernador-esteban-por-remodelacion-del-gral-guadalupe-victoria\/","title":{"rendered":"\u201cAhora tenemos un aeropuerto de altura\u201d; agradecen empresarios y visitantes al Gobernador Esteban por remodelaci\u00f3n del \u201cGral. Guadalupe Victoria\u201d"},"content":{"rendered":"\n<p>21 de septiembre de 2024.- Con salas m\u00e1s amplias, de alta tecnolog\u00eda y servicios m\u00e1s \u00e1giles que incluy\u00f3 la remodelaci\u00f3n y ampliaci\u00f3n del Aeropuerto \u201cGral. Guadalupe Victoria\u201d, damos una buena impresi\u00f3n de Durango a los visitantes, coincidieron l\u00edderes de c\u00e1maras empresariales, luego que el gobernador Esteban Villegas inaugurara este espacio renovado que podr\u00e1 dar atenci\u00f3n hasta 760 mil personas al a\u00f1o.<\/p>\n\n\n\n<p>\u201cEs muy positiva esta obra, es la cara de Durango ante el turismo nacional e internacional, porque es el primer lugar a donde arriba el visitante al estado y se llevan esa impresi\u00f3n de un aeropuerto de altura\u201d, consider\u00f3 H\u00e9ctor Zaragoza, presidente de la Asociaci\u00f3n de Agencias de Viaje y Turismo, al agradecer al Gobernador su trabajo para mejorar la infraestructura tur\u00edstica con acciones de este tipo.<\/p>\n\n\n\n<p>Gustavo Mojica Calder\u00f3n, consejero de la C\u00e1mara Nacional de Comercio (CANACO), felicit\u00f3 a Esteban y al grupo OMA, por esta remodelaci\u00f3n que era fundamental, ya que abona y suma en el turismo, \u201caqu\u00ed es la primera impresi\u00f3n que tienen los pasajeros de Durango, qued\u00f3 muy padre gracias al trabajo que realiza en coordinaci\u00f3n Esteban Villegas, con los empresarios\u201d.<\/p>\n\n\n\n<p>Por su parte Blanca Galindo, vicepresidenta de Turismo de CANACO, dijo que, el Gobierno de Esteban Villegas, hace un buen trabajo y que en conjunto con los empresarios, Durango est\u00e1 en las mejores condiciones para generar mayores oportunidades a los duranguenses.<\/p>\n\n\n\n<p>Andr\u00e9s Aguilera y Catalina Gandarilla, originarios del municipio de Tepehuanes, tuvieron la oportunidad de utilizar estas reci\u00e9n remodeladas instalaciones y coincidieron que para los usuarios este lugar es m\u00e1s c\u00f3modo y los servicios son m\u00e1s accesibles.<\/p>\n\n\n\n<p>&nbsp;\u201cDefinitivamente hac\u00eda falta una ampliaci\u00f3n, se requer\u00eda desde hace bastantes a\u00f1os, y esto va a incrementar el turismo, se nota la diferencia desde que entras al estacionamiento hasta que abordas\u201d, dijo Estela Rivera Barraza.<\/p>\n\n\n\n<p>Blanca Rojas, visitante de Chicago, Illinois, platic\u00f3 que no ven\u00eda a Durango desde hace 30 a\u00f1os y al volver, consider\u00f3 que el aeropuerto est\u00e1 en muy buenas condiciones, por eso, reconoci\u00f3 el trabajo del Gobernador para que el estado siga creciendo y progresando en beneficio de su gente.<\/p>\n\n\n\n<p>En esta remodelaci\u00f3n, se invirtieron cerca de 200 millones de pesos para que tanto duranguenses como visitantes, disfruten de \u00e1reas amplias, modernas y c\u00f3modas para la espera de sus vuelos.<\/p>\n","protected":false},"excerpt":{"rendered":"<p>21 de septiembre de 2024.- Con salas m\u00e1s amplias, de alta tecnolog\u00eda y servicios m\u00e1s \u00e1giles que incluy\u00f3 la remodelaci\u00f3n y ampliaci\u00f3n del Aeropuerto \u201cGral. Guadalupe Victoria\u201d, damos una buena impresi\u00f3n de Durango a los visitantes, coincidieron l\u00edderes de c\u00e1maras empresariales, luego que el gobernador Esteban Villegas inaugurara este espacio renovado que podr\u00e1 dar atenci\u00f3n&#8230;<\/p>\n","protected":false},"author":1,"featured_media":2951,"comment_status":"open","ping_status":"open","sticky":false,"template":"","format":"standard","meta":{"footnotes":""},"categories":[1],"tags":[],"class_list":["post-2950","post","type-post","status-publish","format-standard","has-post-thumbnail","hentry","category-durango"],"_links":{"self":[{"href":"https:\/\/lagumex.mx\/index\/wp-json\/wp\/v2\/posts\/2950","targetHints":{"allow":["GET"]}}],"collection":[{"href":"https:\/\/lagumex.mx\/index\/wp-json\/wp\/v2\/posts"}],"about":[{"href":"https:\/\/lagumex.mx\/index\/wp-json\/wp\/v2\/types\/post"}],"author":[{"embeddable":true,"href":"https:\/\/lagumex.mx\/index\/wp-json\/wp\/v2\/users\/1"}],"replies":[{"embeddable":true,"href":"https:\/\/lagumex.mx\/index\/wp-json\/wp\/v2\/comments?post=2950"}],"version-history":[{"count":1,"href":"https:\/\/lagumex.mx\/index\/wp-json\/wp\/v2\/posts\/2950\/revisions"}],"predecessor-version":[{"id":2952,"href":"https:\/\/lagumex.mx\/index\/wp-json\/wp\/v2\/posts\/2950\/revisions\/2952"}],"wp:featuredmedia":[{"embeddable":true,"href":"https:\/\/lagumex.mx\/index\/wp-json\/wp\/v2\/media\/2951"}],"wp:attachment":[{"href":"https:\/\/lagumex.mx\/index\/wp-json\/wp\/v2\/media?parent=2950"}],"wp:term":[{"taxonomy":"category","embeddable":true,"href":"https:\/\/lagumex.mx\/index\/wp-json\/wp\/v2\/categories?post=2950"},{"taxonomy":"post_tag","embeddable":true,"href":"https:\/\/lagumex.mx\/index\/wp-json\/wp\/v2\/tags?post=2950"}],"curies":[{"name":"wp","href":"https:\/\/api.w.org\/{rel}","templated":true}]}}