{"id":2932,"date":"2024-09-11T05:18:27","date_gmt":"2024-09-11T05:18:27","guid":{"rendered":"http:\/\/lagumex.mx\/index\/?p=2932"},"modified":"2024-09-18T05:19:32","modified_gmt":"2024-09-18T05:19:32","slug":"encabeza-homero-martinez-reunion-para-afinar-detalles-de-los-festejos-patrios","status":"publish","type":"post","link":"https:\/\/lagumex.mx\/index\/lerdo\/encabeza-homero-martinez-reunion-para-afinar-detalles-de-los-festejos-patrios\/","title":{"rendered":"Encabeza Homero Mart\u00ednez reuni\u00f3n para afinar detalles de los festejos patrios"},"content":{"rendered":"\n<p>11 de septiembre de 2024, Lerdo, Durango.- El Presidente Municipal, Homero Mart\u00ednez Cabrera, encabez\u00f3 una reuni\u00f3n con su gabinete de gobierno, para afinar los festejos patrios a desarrollarse este pr\u00f3ximo fin de semana, en donde dio indicaciones a las dependencias de operativas a coordinarse para garantizar un saldo blanco, coordinados en todo momento con el Mando Especial de La Laguna.<\/p>\n\n\n\n<p>La reuni\u00f3n se llev\u00f3 a cabo en la \u00b4Sala Presidentes\u00b4, ubicada en el despacho de la Presidencia Municipal, donde cada uno de los directores involucrados en los eventos del grito de independencia, los eventos culturales y el desfile c\u00edvico-militar, dieron parte de los preparativos que se llevan a cabo. <\/p>\n\n\n\n<p>Cabe se\u00f1alar que el paseo Sarabia, y cales aleda\u00f1as a la Plaza Principal, como la Allende y Sarabia, permanecer\u00e1n cerradas a partir del s\u00e1bado 14 de septiembre, a medio d\u00eda, para la instalaci\u00f3n del escenario.<\/p>\n\n\n\n<p>El d\u00eda lunes 16 de septiembre, se realizar\u00e1 el desfile c\u00edvico-militar, en punto de las 4:00 de la tarde, dando inicio en el Parque Victoria.<\/p>\n","protected":false},"excerpt":{"rendered":"<p>11 de septiembre de 2024, Lerdo, Durango.- El Presidente Municipal, Homero Mart\u00ednez Cabrera, encabez\u00f3 una reuni\u00f3n con su gabinete de gobierno, para afinar los festejos patrios a desarrollarse este pr\u00f3ximo fin de semana, en donde dio indicaciones a las dependencias de operativas a coordinarse para garantizar un saldo blanco, coordinados en todo momento con el&#8230;<\/p>\n","protected":false},"author":1,"featured_media":2933,"comment_status":"open","ping_status":"open","sticky":false,"template":"","format":"standard","meta":{"footnotes":""},"categories":[3],"tags":[],"class_list":["post-2932","post","type-post","status-publish","format-standard","has-post-thumbnail","hentry","category-lerdo"],"_links":{"self":[{"href":"https:\/\/lagumex.mx\/index\/wp-json\/wp\/v2\/posts\/2932","targetHints":{"allow":["GET"]}}],"collection":[{"href":"https:\/\/lagumex.mx\/index\/wp-json\/wp\/v2\/posts"}],"about":[{"href":"https:\/\/lagumex.mx\/index\/wp-json\/wp\/v2\/types\/post"}],"author":[{"embeddable":true,"href":"https:\/\/lagumex.mx\/index\/wp-json\/wp\/v2\/users\/1"}],"replies":[{"embeddable":true,"href":"https:\/\/lagumex.mx\/index\/wp-json\/wp\/v2\/comments?post=2932"}],"version-history":[{"count":1,"href":"https:\/\/lagumex.mx\/index\/wp-json\/wp\/v2\/posts\/2932\/revisions"}],"predecessor-version":[{"id":2934,"href":"https:\/\/lagumex.mx\/index\/wp-json\/wp\/v2\/posts\/2932\/revisions\/2934"}],"wp:featuredmedia":[{"embeddable":true,"href":"https:\/\/lagumex.mx\/index\/wp-json\/wp\/v2\/media\/2933"}],"wp:attachment":[{"href":"https:\/\/lagumex.mx\/index\/wp-json\/wp\/v2\/media?parent=2932"}],"wp:term":[{"taxonomy":"category","embeddable":true,"href":"https:\/\/lagumex.mx\/index\/wp-json\/wp\/v2\/categories?post=2932"},{"taxonomy":"post_tag","embeddable":true,"href":"https:\/\/lagumex.mx\/index\/wp-json\/wp\/v2\/tags?post=2932"}],"curies":[{"name":"wp","href":"https:\/\/api.w.org\/{rel}","templated":true}]}}