{"id":2920,"date":"2024-09-16T05:09:10","date_gmt":"2024-09-16T05:09:10","guid":{"rendered":"http:\/\/lagumex.mx\/index\/?p=2920"},"modified":"2024-09-18T05:11:07","modified_gmt":"2024-09-18T05:11:07","slug":"con-un-gran-estado-de-fuerza-coordinacion-y-voluntad-mantenemos-a-coahuila-seguro-manolo","status":"publish","type":"post","link":"https:\/\/lagumex.mx\/index\/uncategorized\/uac\/uac-uac\/coahuila-coahuila\/con-un-gran-estado-de-fuerza-coordinacion-y-voluntad-mantenemos-a-coahuila-seguro-manolo\/","title":{"rendered":"Con un gran estado de fuerza, coordinaci\u00f3n y voluntad mantenemos a Coahuila seguro: Manolo"},"content":{"rendered":"\n<p>16 de septiembre de 2024, <strong>Saltillo, Coahuila de Zaragoza<\/strong>.- Durante el desfile c\u00edvico militar con el que se conmemor\u00f3 el 214 aniversario del inicio de la Independencia de M\u00e9xico, el gobernador Manolo Jim\u00e9nez Salinas destac\u00f3 el estado de fuerza, la voluntad y la coordinaci\u00f3n con que se trabaja en Coahuila en el tema de la seguridad.<\/p>\n\n\n\n<p>\u00abHoy y siempre celebramos el orgullo de ser mexicanos. Junto a cientos de familias, disfrutamos en Saltillo el tradicional desfile c\u00edvico militar en honor al 214 aniversario de nuestra Independencia Nacional, donde los tres \u00f3rdenes de Gobierno y el Ej\u00e9rcito Mexicano estuvimos presentes; resaltando nuestros valores patrios, nuestro estado de fuerza y la firme voluntad de seguir manteniendo a Coahuila como uno de los estados m\u00e1s seguros de M\u00e9xico\u00bb, destac\u00f3.<\/p>\n\n\n\n<p>Manolo Jim\u00e9nez resalt\u00f3 que en equipo con el Ej\u00e9rcito Mexicano, la Guardia Nacional, las polic\u00edas municipales, las fiscal\u00edas, la Polic\u00eda Estatal, se tiene una gran fuerza para blindar nuestro estado y mantenerlo como uno de los m\u00e1s seguros de M\u00e9xico.<\/p>\n\n\n\n<p>Junto al general Vicente P\u00e9rez L\u00f3pez, comandante de la Sexta Zona Militar, los titulares de los poderes Legislativo y Judicial, as\u00ed como el alcalde de Saltillo, el Mandatario estatal presidi\u00f3, en la capital del estado, este desfile conmemorativo.<\/p>\n\n\n\n<p>Luego de una gran fiesta ciudadana que se vivi\u00f3 la noche previa en la Plaza de Armas con la ceremonia del Grito de Independencia, miles de coahuilenses disfrutaron el paso de los contingentes encabezados por la Secretar\u00eda de la Defensa Nacional.<\/p>\n\n\n\n<p>Desde el templete instalado frente al Ateneo Fuente, en el cruce del bulevar Venustiano Carranza y avenida Universidad, Manolo Jim\u00e9nez observ\u00f3 y salud\u00f3 a su paso a todos los participantes en este desfile c\u00edvico militar.<\/p>\n\n\n\n<p>Por parte del Ej\u00e9rcito Mexicano, tomaron parte una bandera de guerra, un jefe, cuatro oficiales, 266 de tropa, 11 veh\u00edculos y tres canes.<\/p>\n\n\n\n<p>Un inspector, dos oficiales, 124 de escala b\u00e1sica de la Guardia Nacional; 13 soldados del Servicio Militar Nacional; 55 rurales y 10 veh\u00edculos del primer cuerpo de infanter\u00eda de defensa rurales.<\/p>\n","protected":false},"excerpt":{"rendered":"<p>16 de septiembre de 2024, Saltillo, Coahuila de Zaragoza.- Durante el desfile c\u00edvico militar con el que se conmemor\u00f3 el 214 aniversario del inicio de la Independencia de M\u00e9xico, el gobernador Manolo Jim\u00e9nez Salinas destac\u00f3 el estado de fuerza, la voluntad y la coordinaci\u00f3n con que se trabaja en Coahuila en el tema de la&#8230;<\/p>\n","protected":false},"author":1,"featured_media":2921,"comment_status":"open","ping_status":"open","sticky":false,"template":"","format":"standard","meta":{"footnotes":""},"categories":[2],"tags":[],"class_list":["post-2920","post","type-post","status-publish","format-standard","has-post-thumbnail","hentry","category-coahuila-coahuila"],"_links":{"self":[{"href":"https:\/\/lagumex.mx\/index\/wp-json\/wp\/v2\/posts\/2920","targetHints":{"allow":["GET"]}}],"collection":[{"href":"https:\/\/lagumex.mx\/index\/wp-json\/wp\/v2\/posts"}],"about":[{"href":"https:\/\/lagumex.mx\/index\/wp-json\/wp\/v2\/types\/post"}],"author":[{"embeddable":true,"href":"https:\/\/lagumex.mx\/index\/wp-json\/wp\/v2\/users\/1"}],"replies":[{"embeddable":true,"href":"https:\/\/lagumex.mx\/index\/wp-json\/wp\/v2\/comments?post=2920"}],"version-history":[{"count":1,"href":"https:\/\/lagumex.mx\/index\/wp-json\/wp\/v2\/posts\/2920\/revisions"}],"predecessor-version":[{"id":2922,"href":"https:\/\/lagumex.mx\/index\/wp-json\/wp\/v2\/posts\/2920\/revisions\/2922"}],"wp:featuredmedia":[{"embeddable":true,"href":"https:\/\/lagumex.mx\/index\/wp-json\/wp\/v2\/media\/2921"}],"wp:attachment":[{"href":"https:\/\/lagumex.mx\/index\/wp-json\/wp\/v2\/media?parent=2920"}],"wp:term":[{"taxonomy":"category","embeddable":true,"href":"https:\/\/lagumex.mx\/index\/wp-json\/wp\/v2\/categories?post=2920"},{"taxonomy":"post_tag","embeddable":true,"href":"https:\/\/lagumex.mx\/index\/wp-json\/wp\/v2\/tags?post=2920"}],"curies":[{"name":"wp","href":"https:\/\/api.w.org\/{rel}","templated":true}]}}