{"id":2911,"date":"2024-09-15T05:04:13","date_gmt":"2024-09-15T05:04:13","guid":{"rendered":"http:\/\/lagumex.mx\/index\/?p=2911"},"modified":"2024-09-18T05:05:43","modified_gmt":"2024-09-18T05:05:43","slug":"viva-mexico-da-esteban-en-paz-y-armonia-el-grito-de-independencia-en-durango","status":"publish","type":"post","link":"https:\/\/lagumex.mx\/index\/durango\/viva-mexico-da-esteban-en-paz-y-armonia-el-grito-de-independencia-en-durango\/","title":{"rendered":"\u00a1Viva M\u00e9xico! Da Esteban en paz y armon\u00eda el Grito de Independencia en Durango"},"content":{"rendered":"\n<p>15 de septiembre de 2024.- En un ambiente de paz y armon\u00eda, el gobernador Esteban Villegas Villarreal dio el Grito de Independencia ante miles de duranguenses que en familia disfrutaron de una noche llena de m\u00fasica, alegr\u00eda y tradici\u00f3n en la Plaza IV Centenario.<\/p>\n\n\n\n<p>La gran fiesta patria que prepar\u00f3 el Gobierno Estatal,&nbsp; inici\u00f3 al son del mariachi, quienes interpretaron diversas melod\u00edas que pusieron a cantar y bailar a grandes y peque\u00f1os, que desde temprana hora arribaron al lugar para vivir la experiencia tricolor un a\u00f1o m\u00e1s.<\/p>\n\n\n\n<p>&nbsp;Con la plaza IV Centenario repleta y luego del protocolo solemne , el Mandatario Estatal acompa\u00f1ado por su esposa, Marisol Rosso; el General de Brigada de la D\u00e9cima Zona Militar Isaac Bravo L\u00f3pez, el diputado local&nbsp; H\u00e9ctor Herrera; el alcalde Antonio Ochoa y el Magistrado Presidente del Tribunal Superior de Justicia \u00c1ngel Bonilla Saucedo, sali\u00f3 al balc\u00f3n del museo \u201cFrancisco Villa\u201d y con firmeza y emoci\u00f3n toc\u00f3 la campana y grit\u00f3: \u00a1Viva M\u00e9xico!, arenga de independencia que fue replicada por los cientos de duranguense en una sola voz.<\/p>\n\n\n\n<p>Despu\u00e9s de entonar el himno nacional y realizar honores a la bandera mexicana, el cielo se ilumin\u00f3 con los tradicionales&nbsp; fuegos artificiales, que con sus colores y luz, hicieron vibrar de emoci\u00f3n a los asistentes.<\/p>\n\n\n\n<p>&nbsp;Para cerrar con broche de oro estos festejos patrios, los duranguenses disfrutaron del concierto de Memo Garza, ex vocalista de la Banda La Adictiva quien interpret\u00f3 sus m\u00e1s recientes \u00e9xitos como \u201cMe aguant\u00e9\u201d, \u201cNuestro Amor\u201d y \u201cA poco no\u201d.<\/p>\n","protected":false},"excerpt":{"rendered":"<p>15 de septiembre de 2024.- En un ambiente de paz y armon\u00eda, el gobernador Esteban Villegas Villarreal dio el Grito de Independencia ante miles de duranguenses que en familia disfrutaron de una noche llena de m\u00fasica, alegr\u00eda y tradici\u00f3n en la Plaza IV Centenario. La gran fiesta patria que prepar\u00f3 el Gobierno Estatal,&nbsp; inici\u00f3 al&#8230;<\/p>\n","protected":false},"author":1,"featured_media":2912,"comment_status":"open","ping_status":"open","sticky":false,"template":"","format":"standard","meta":{"footnotes":""},"categories":[1],"tags":[],"class_list":["post-2911","post","type-post","status-publish","format-standard","has-post-thumbnail","hentry","category-durango"],"_links":{"self":[{"href":"https:\/\/lagumex.mx\/index\/wp-json\/wp\/v2\/posts\/2911","targetHints":{"allow":["GET"]}}],"collection":[{"href":"https:\/\/lagumex.mx\/index\/wp-json\/wp\/v2\/posts"}],"about":[{"href":"https:\/\/lagumex.mx\/index\/wp-json\/wp\/v2\/types\/post"}],"author":[{"embeddable":true,"href":"https:\/\/lagumex.mx\/index\/wp-json\/wp\/v2\/users\/1"}],"replies":[{"embeddable":true,"href":"https:\/\/lagumex.mx\/index\/wp-json\/wp\/v2\/comments?post=2911"}],"version-history":[{"count":1,"href":"https:\/\/lagumex.mx\/index\/wp-json\/wp\/v2\/posts\/2911\/revisions"}],"predecessor-version":[{"id":2913,"href":"https:\/\/lagumex.mx\/index\/wp-json\/wp\/v2\/posts\/2911\/revisions\/2913"}],"wp:featuredmedia":[{"embeddable":true,"href":"https:\/\/lagumex.mx\/index\/wp-json\/wp\/v2\/media\/2912"}],"wp:attachment":[{"href":"https:\/\/lagumex.mx\/index\/wp-json\/wp\/v2\/media?parent=2911"}],"wp:term":[{"taxonomy":"category","embeddable":true,"href":"https:\/\/lagumex.mx\/index\/wp-json\/wp\/v2\/categories?post=2911"},{"taxonomy":"post_tag","embeddable":true,"href":"https:\/\/lagumex.mx\/index\/wp-json\/wp\/v2\/tags?post=2911"}],"curies":[{"name":"wp","href":"https:\/\/api.w.org\/{rel}","templated":true}]}}