{"id":2848,"date":"2024-08-31T04:03:00","date_gmt":"2024-08-31T04:03:00","guid":{"rendered":"http:\/\/lagumex.mx\/index\/?p=2848"},"modified":"2024-09-03T04:05:13","modified_gmt":"2024-09-03T04:05:13","slug":"durango-ya-merecia-espectaculos-de-nivel-como-black-eyed-peas-asistentes","status":"publish","type":"post","link":"https:\/\/lagumex.mx\/index\/durango\/durango-ya-merecia-espectaculos-de-nivel-como-black-eyed-peas-asistentes\/","title":{"rendered":"Durango ya merec\u00eda espect\u00e1culos de nivel como Black Eyed Peas: asistentes"},"content":{"rendered":"\n<p>31 de agosto de 2024.- \u201cUn diez al Gobierno del Estado de Durango\u201d: Rafael Mares, visitante de Zacatecas.<\/p>\n\n\n\n<p>Durango ya merec\u00eda espect\u00e1culos de talla internacional, coincidieron duranguenses y visitantes que vivieron al m\u00e1ximo el concierto de los Black Eyed Peas, organizado por el Gobierno del Estado, de forma gratuita en las instalaciones de la Feria Nacional Francisco Villista.<\/p>\n\n\n\n<p>Cinthia, fue la m\u00e1s afortunada de la noche, ya que consigui\u00f3 que los cuatro famosos firmar\u00e1n su pancarta: \u201cEstoy muy agradecida, estoy muy contenta y m\u00e1s porque vali\u00f3 la pena, con la suerte que consegu\u00ed un aut\u00f3grafo, lograron cumplir uno de mis sue\u00f1os\u201d.<\/p>\n\n\n\n<p>Brandon Rodr\u00edguez, agradeci\u00f3 al Mandatario Estatal por la realizaci\u00f3n del evento: \u201cLo que m\u00e1s me gust\u00f3 fue que por primera vez en Durango traigan a un artista de esta magnitud, gracias al gobernador Esteban Villegas y que se vuelva a hacer otro evento como este.<\/p>\n\n\n\n<p>Desde antes de empezar, todos los fans y el Staff ya ten\u00edan toda la actitud, as\u00ed lo platic\u00f3 Karen Pulido, quien asisti\u00f3 con sus amigos a vivir esta gran noche: \u201cLo disfrute al m\u00e1ximo, son artistas internacionales que nos gustan a much\u00edsimos y oportunidades como estas, son las que en verdad valen la pena. A los duranguenses nos encantan este tipo de eventos\u201d.<\/p>\n\n\n\n<p>Kateryn Dom\u00ednguez, calific\u00f3 la experiencia como incre\u00edble: \u201cFue maravillosa y verla con mis amigos fue muy padre, no pens\u00e9 que fuera a venir a un concierto de este nivel aqu\u00ed en Durango. Cuando me enter\u00e9 que iba a ser gratis, no me lo podr\u00eda creer. Gracias por hacer este esfuerzo para todos los duranguenses\u201d.<\/p>\n\n\n\n<p>Rafael Mares, viaj\u00f3 desde Zacatecas junto a su esposa, hermana y sobrina, para disfrutar de este magno evento: \u201cVali\u00f3 la pena, es un espect\u00e1culo de primer mundo y las horas de espera, las largas filas y el entusiasmo que se le vio a la gente fue excelente. La verdad un diez al Gobierno del Estado de Durango\u201d, concluy\u00f3.<\/p>\n\n\n\n<p>Gracias a las gestiones del gobernador Esteban Villegas Villarreal, duranguenses y visitantes que crecieron escuchando la m\u00fasica de Black Eyed Peas y j\u00f3venes de las nuevas generaciones, vivieron la experiencia de uno de los conciertos que se volver\u00e1n inolvidables y que marcar\u00e1 un antes y un despu\u00e9s en los atractivos culturales y tur\u00edsticos que ofrece Durango.<\/p>\n","protected":false},"excerpt":{"rendered":"<p>31 de agosto de 2024.- \u201cUn diez al Gobierno del Estado de Durango\u201d: Rafael Mares, visitante de Zacatecas. Durango ya merec\u00eda espect\u00e1culos de talla internacional, coincidieron duranguenses y visitantes que vivieron al m\u00e1ximo el concierto de los Black Eyed Peas, organizado por el Gobierno del Estado, de forma gratuita en las instalaciones de la Feria&#8230;<\/p>\n","protected":false},"author":1,"featured_media":2849,"comment_status":"open","ping_status":"open","sticky":false,"template":"","format":"standard","meta":{"footnotes":""},"categories":[1],"tags":[],"class_list":["post-2848","post","type-post","status-publish","format-standard","has-post-thumbnail","hentry","category-durango"],"_links":{"self":[{"href":"https:\/\/lagumex.mx\/index\/wp-json\/wp\/v2\/posts\/2848","targetHints":{"allow":["GET"]}}],"collection":[{"href":"https:\/\/lagumex.mx\/index\/wp-json\/wp\/v2\/posts"}],"about":[{"href":"https:\/\/lagumex.mx\/index\/wp-json\/wp\/v2\/types\/post"}],"author":[{"embeddable":true,"href":"https:\/\/lagumex.mx\/index\/wp-json\/wp\/v2\/users\/1"}],"replies":[{"embeddable":true,"href":"https:\/\/lagumex.mx\/index\/wp-json\/wp\/v2\/comments?post=2848"}],"version-history":[{"count":1,"href":"https:\/\/lagumex.mx\/index\/wp-json\/wp\/v2\/posts\/2848\/revisions"}],"predecessor-version":[{"id":2850,"href":"https:\/\/lagumex.mx\/index\/wp-json\/wp\/v2\/posts\/2848\/revisions\/2850"}],"wp:featuredmedia":[{"embeddable":true,"href":"https:\/\/lagumex.mx\/index\/wp-json\/wp\/v2\/media\/2849"}],"wp:attachment":[{"href":"https:\/\/lagumex.mx\/index\/wp-json\/wp\/v2\/media?parent=2848"}],"wp:term":[{"taxonomy":"category","embeddable":true,"href":"https:\/\/lagumex.mx\/index\/wp-json\/wp\/v2\/categories?post=2848"},{"taxonomy":"post_tag","embeddable":true,"href":"https:\/\/lagumex.mx\/index\/wp-json\/wp\/v2\/tags?post=2848"}],"curies":[{"name":"wp","href":"https:\/\/api.w.org\/{rel}","templated":true}]}}