{"id":2836,"date":"2024-08-27T03:59:00","date_gmt":"2024-08-27T03:59:00","guid":{"rendered":"http:\/\/lagumex.mx\/index\/?p=2836"},"modified":"2024-09-03T04:00:03","modified_gmt":"2024-09-03T04:00:03","slug":"en-equipo-con-tono-ochoa-hacemos-de-durango-capital-un-lugar-mas-limpio-seguro-y-atractivo-esteban-villegas","status":"publish","type":"post","link":"https:\/\/lagumex.mx\/index\/durango\/en-equipo-con-tono-ochoa-hacemos-de-durango-capital-un-lugar-mas-limpio-seguro-y-atractivo-esteban-villegas\/","title":{"rendered":"En equipo con To\u00f1o Ochoa, hacemos de Durango capital un lugar m\u00e1s limpio, seguro y atractivo: Esteban Villegas"},"content":{"rendered":"\n<p>27 de agosto de 2024, En equipo y sin distingo de colores, a dos a\u00f1os, logramos hacer de Durango capital un lugar m\u00e1s limpio, seguro y atractivo para nuestra gente y para los visitantes que quieren conocer esta hermosa tierra, expres\u00f3 el gobernador Esteban Villegas Villarreal al acompa\u00f1ar junto a su esposa Marisol Rosso al presidente municipal, Jos\u00e9 Antonio Ochoa Rodr\u00edguez en su Segundo Informe de Gobierno.<\/p>\n\n\n\n<p>\u201cTo\u00f1o va a cumplir sus compromisos y yo le voy a ayudar a que los siga cumpliendo,&nbsp; porque tiene Gobernador amigo y Durango tiene Gobernador para rato\u201d, asegur\u00f3 el Mandatario Estatal al felicitar al alcalde capitalino&nbsp; por los grandes logros de este a\u00f1o, como la construcci\u00f3n del Parque Lineal, la implementaci\u00f3n del presupuesto participativo, la apertura del Instituto para el Desarrollo Humano y Valores, el nuevo Hospital del Ni\u00f1o 460, el bajo puente de Francisco Villa y la rehabilitaci\u00f3n del Centro Acu\u00e1tico 460.<\/p>\n\n\n\n<p>Estos resultados no son casualidad,&nbsp; son el fruto de un gobierno cercano, que escucha, que siente y que act\u00faa de la mano de la gente, reconoci\u00f3 al considerar que cuando se trabaja en unidad todo es posible.<\/p>\n\n\n\n<p>Al desglosar el trabajo realizado en su segundo a\u00f1o de gobierno, el alcalde capitalino, reconoci\u00f3 al Gobernador y a su esposa, por cumplirle a Durango y trabajar de la mano para posicionar a la entidad como la tierra de las oportunidades y construir unidos un nuevo cap\u00edtulo en la historia de la ciudad, donde se vive un ambiente de orden y paz.<\/p>\n\n\n\n<p>En conjunto con el gobernador Esteban,&nbsp; invertimos m\u00e1s de 53 millones de pesos en obras, acciones y proyectos productivos para las comunidades del medio rural, destacando la entrega de 850 toneladas de semilla de avena, 57 bordos de abrevadero que&nbsp; permiten aumentar las cosechas de agua en estas regiones, apunt\u00f3 To\u00f1o Ochoa.<\/p>\n\n\n\n<p>\u201cHoy en Durango, nuestra casa, se vive en un ambiente de orden y paz, gracias al trabajo en equipo con el Gobernador, somos una de las ciudades m\u00e1s tranquilas de todo el pa\u00eds, porque vivir en Durango es una chulada\u201d, agreg\u00f3.<\/p>\n\n\n\n<p>Con la grandeza de nuestro coraz\u00f3n, seguiremos edificando el municipio y el Estado de Durango que todas y todos so\u00f1amos, un Durango donde seamos valorados, aceptados y amados; &nbsp;un Durango donde la justicia, la igualdad y la inclusi\u00f3n sean realidades palpables para todas y todos los habitantes, finaliz\u00f3 Villegas Villarreal.<\/p>\n","protected":false},"excerpt":{"rendered":"<p>27 de agosto de 2024, En equipo y sin distingo de colores, a dos a\u00f1os, logramos hacer de Durango capital un lugar m\u00e1s limpio, seguro y atractivo para nuestra gente y para los visitantes que quieren conocer esta hermosa tierra, expres\u00f3 el gobernador Esteban Villegas Villarreal al acompa\u00f1ar junto a su esposa Marisol Rosso al&#8230;<\/p>\n","protected":false},"author":1,"featured_media":2837,"comment_status":"open","ping_status":"open","sticky":false,"template":"","format":"standard","meta":{"footnotes":""},"categories":[1],"tags":[],"class_list":["post-2836","post","type-post","status-publish","format-standard","has-post-thumbnail","hentry","category-durango"],"_links":{"self":[{"href":"https:\/\/lagumex.mx\/index\/wp-json\/wp\/v2\/posts\/2836","targetHints":{"allow":["GET"]}}],"collection":[{"href":"https:\/\/lagumex.mx\/index\/wp-json\/wp\/v2\/posts"}],"about":[{"href":"https:\/\/lagumex.mx\/index\/wp-json\/wp\/v2\/types\/post"}],"author":[{"embeddable":true,"href":"https:\/\/lagumex.mx\/index\/wp-json\/wp\/v2\/users\/1"}],"replies":[{"embeddable":true,"href":"https:\/\/lagumex.mx\/index\/wp-json\/wp\/v2\/comments?post=2836"}],"version-history":[{"count":1,"href":"https:\/\/lagumex.mx\/index\/wp-json\/wp\/v2\/posts\/2836\/revisions"}],"predecessor-version":[{"id":2838,"href":"https:\/\/lagumex.mx\/index\/wp-json\/wp\/v2\/posts\/2836\/revisions\/2838"}],"wp:featuredmedia":[{"embeddable":true,"href":"https:\/\/lagumex.mx\/index\/wp-json\/wp\/v2\/media\/2837"}],"wp:attachment":[{"href":"https:\/\/lagumex.mx\/index\/wp-json\/wp\/v2\/media?parent=2836"}],"wp:term":[{"taxonomy":"category","embeddable":true,"href":"https:\/\/lagumex.mx\/index\/wp-json\/wp\/v2\/categories?post=2836"},{"taxonomy":"post_tag","embeddable":true,"href":"https:\/\/lagumex.mx\/index\/wp-json\/wp\/v2\/tags?post=2836"}],"curies":[{"name":"wp","href":"https:\/\/api.w.org\/{rel}","templated":true}]}}