{"id":2803,"date":"2024-08-26T02:36:00","date_gmt":"2024-08-26T02:36:00","guid":{"rendered":"http:\/\/lagumex.mx\/index\/?p=2803"},"modified":"2024-09-03T02:37:45","modified_gmt":"2024-09-03T02:37:45","slug":"promueve-sapal-cuidado-del-agua-con-platica-educativa-en-el-creco","status":"publish","type":"post","link":"https:\/\/lagumex.mx\/index\/lerdo\/promueve-sapal-cuidado-del-agua-con-platica-educativa-en-el-creco\/","title":{"rendered":"Promueve SAPAL cuidado del agua con pl\u00e1tica educativa en el CRECO"},"content":{"rendered":"\n<p>26 de agosto de 2024 .-La pl\u00e1tica abord\u00f3 la relevancia de conservar el agua como un recurso esencial para el equilibrio de los ecosistemas y la sostenibilidad de la vida. Durante la sesi\u00f3n, se brindaron consejos pr\u00e1cticos para optimizar<strong>\u00a0el uso del vital l\u00edquido en la vida diaria.\u00a0<\/strong>Entre las recomendaciones dadas, se destacaron: la reparaci\u00f3n de fugas, la instalaci\u00f3n de dispositivos ahorradores de agua en grifos y duchas, y la recolecci\u00f3n de agua de lluvia para uso en riego de jardines.  \u201cEstos tips tienen como objetivo ayudar a los ciudadanos a reducir el consumo de agua y\u00a0<strong>minimizar el desperdicio<\/strong>, lo cual es fundamental para la preservaci\u00f3n del recurso en una regi\u00f3n con retos h\u00eddricos\u201d dijo Guadalupe Badillo, titular del departamento Cultura del Agua. Los asistentes tuvieron la oportunidad de conocer las estaciones al interior del CRECO; el serpentario, la esfera de la ciencia y el jard\u00edn bot\u00e1nico. Este tipo de actividades son parte de un esfuerzo continuo por parte del S.A.P.A.L., y atendiendo las indicaciones del\u00a0<strong>Presidente Municipal Homero Mart\u00ednez Cabrera<\/strong>, para involucrar a la comunidad en la conservaci\u00f3n del agua y en la protecci\u00f3n del medio ambiente.<\/p>\n","protected":false},"excerpt":{"rendered":"<p>26 de agosto de 2024 .-La pl\u00e1tica abord\u00f3 la relevancia de conservar el agua como un recurso esencial para el equilibrio de los ecosistemas y la sostenibilidad de la vida. Durante la sesi\u00f3n, se brindaron consejos pr\u00e1cticos para optimizar\u00a0el uso del vital l\u00edquido en la vida diaria.\u00a0Entre las recomendaciones dadas, se destacaron: la reparaci\u00f3n de&#8230;<\/p>\n","protected":false},"author":1,"featured_media":0,"comment_status":"open","ping_status":"open","sticky":false,"template":"","format":"standard","meta":{"footnotes":""},"categories":[3],"tags":[],"class_list":["post-2803","post","type-post","status-publish","format-standard","hentry","category-lerdo"],"_links":{"self":[{"href":"https:\/\/lagumex.mx\/index\/wp-json\/wp\/v2\/posts\/2803","targetHints":{"allow":["GET"]}}],"collection":[{"href":"https:\/\/lagumex.mx\/index\/wp-json\/wp\/v2\/posts"}],"about":[{"href":"https:\/\/lagumex.mx\/index\/wp-json\/wp\/v2\/types\/post"}],"author":[{"embeddable":true,"href":"https:\/\/lagumex.mx\/index\/wp-json\/wp\/v2\/users\/1"}],"replies":[{"embeddable":true,"href":"https:\/\/lagumex.mx\/index\/wp-json\/wp\/v2\/comments?post=2803"}],"version-history":[{"count":1,"href":"https:\/\/lagumex.mx\/index\/wp-json\/wp\/v2\/posts\/2803\/revisions"}],"predecessor-version":[{"id":2804,"href":"https:\/\/lagumex.mx\/index\/wp-json\/wp\/v2\/posts\/2803\/revisions\/2804"}],"wp:attachment":[{"href":"https:\/\/lagumex.mx\/index\/wp-json\/wp\/v2\/media?parent=2803"}],"wp:term":[{"taxonomy":"category","embeddable":true,"href":"https:\/\/lagumex.mx\/index\/wp-json\/wp\/v2\/categories?post=2803"},{"taxonomy":"post_tag","embeddable":true,"href":"https:\/\/lagumex.mx\/index\/wp-json\/wp\/v2\/tags?post=2803"}],"curies":[{"name":"wp","href":"https:\/\/api.w.org\/{rel}","templated":true}]}}