{"id":2786,"date":"2024-08-15T05:50:29","date_gmt":"2024-08-15T05:50:29","guid":{"rendered":"http:\/\/lagumex.mx\/index\/?p=2786"},"modified":"2024-08-17T05:51:55","modified_gmt":"2024-08-17T05:51:55","slug":"homero-martinez-da-banderazo-a-la-remodelacion-de-la-unidad-deportiva-mexico-98","status":"publish","type":"post","link":"https:\/\/lagumex.mx\/index\/lerdo\/homero-martinez-da-banderazo-a-la-remodelacion-de-la-unidad-deportiva-mexico-98\/","title":{"rendered":"Homero Mart\u00ednez da banderazo a la remodelaci\u00f3n de la Unidad Deportiva M\u00e9xico 98"},"content":{"rendered":"\n<p>15 de agosto de 2024, Lerdo, Durango.- Con el \u00e1nimo de hacer frente a la descomposici\u00f3n del tejido social y con todo el apoyo al deporte, el\u00a0<strong>alcalde de Lerdo<\/strong>, Durango,<strong>\u00a0Homero Mart\u00ednez Cabrera<\/strong>, encabez\u00f3 el banderazo inicial para los trabajos de remodelaci\u00f3n de la\u00a0<strong>Unidad Deportiva M\u00e9xico 98.<\/strong> <\/p>\n\n\n\n<p>\u201cVenimos a dar el&nbsp;<strong>banderazo formal para remodelar<\/strong>&nbsp;la&nbsp;<strong>Unidad Deportiva M\u00e9xico 98<\/strong>. A m\u00ed me toc\u00f3 participar en una primera etapa; ahora, vamos a incluir otros deportes. La idea es construir dos domos y dos canchas para la pr\u00e1ctica de baloncesto y voleibol, adem\u00e1s de una ciclov\u00eda alrededor de las once hect\u00e1reas que tenemos aqu\u00ed\u201d, a\u00f1adi\u00f3.<\/p>\n\n\n\n<p>Explic\u00f3 que la construcci\u00f3n de la&nbsp;<strong>ciclov\u00eda permitir\u00e1 que tambi\u00e9n los padres y madres<\/strong>&nbsp;de quienes acuden a la Unidad Deportiva&nbsp;<strong>puedan practicar alg\u00fan deporte<\/strong>. \u201cLas canchas de tierra que tenemos actualmente se reemplazar\u00e1n por dos canchas de pasto sint\u00e9tico; quedar\u00e1n pr\u00e1cticamente cinco campos de pasto natural.\u201d<\/p>\n","protected":false},"excerpt":{"rendered":"<p>15 de agosto de 2024, Lerdo, Durango.- Con el \u00e1nimo de hacer frente a la descomposici\u00f3n del tejido social y con todo el apoyo al deporte, el\u00a0alcalde de Lerdo, Durango,\u00a0Homero Mart\u00ednez Cabrera, encabez\u00f3 el banderazo inicial para los trabajos de remodelaci\u00f3n de la\u00a0Unidad Deportiva M\u00e9xico 98. \u201cVenimos a dar el&nbsp;banderazo formal para remodelar&nbsp;la&nbsp;Unidad Deportiva M\u00e9xico&#8230;<\/p>\n","protected":false},"author":1,"featured_media":2787,"comment_status":"open","ping_status":"open","sticky":false,"template":"","format":"standard","meta":{"footnotes":""},"categories":[3],"tags":[],"class_list":["post-2786","post","type-post","status-publish","format-standard","has-post-thumbnail","hentry","category-lerdo"],"_links":{"self":[{"href":"https:\/\/lagumex.mx\/index\/wp-json\/wp\/v2\/posts\/2786","targetHints":{"allow":["GET"]}}],"collection":[{"href":"https:\/\/lagumex.mx\/index\/wp-json\/wp\/v2\/posts"}],"about":[{"href":"https:\/\/lagumex.mx\/index\/wp-json\/wp\/v2\/types\/post"}],"author":[{"embeddable":true,"href":"https:\/\/lagumex.mx\/index\/wp-json\/wp\/v2\/users\/1"}],"replies":[{"embeddable":true,"href":"https:\/\/lagumex.mx\/index\/wp-json\/wp\/v2\/comments?post=2786"}],"version-history":[{"count":1,"href":"https:\/\/lagumex.mx\/index\/wp-json\/wp\/v2\/posts\/2786\/revisions"}],"predecessor-version":[{"id":2788,"href":"https:\/\/lagumex.mx\/index\/wp-json\/wp\/v2\/posts\/2786\/revisions\/2788"}],"wp:featuredmedia":[{"embeddable":true,"href":"https:\/\/lagumex.mx\/index\/wp-json\/wp\/v2\/media\/2787"}],"wp:attachment":[{"href":"https:\/\/lagumex.mx\/index\/wp-json\/wp\/v2\/media?parent=2786"}],"wp:term":[{"taxonomy":"category","embeddable":true,"href":"https:\/\/lagumex.mx\/index\/wp-json\/wp\/v2\/categories?post=2786"},{"taxonomy":"post_tag","embeddable":true,"href":"https:\/\/lagumex.mx\/index\/wp-json\/wp\/v2\/tags?post=2786"}],"curies":[{"name":"wp","href":"https:\/\/api.w.org\/{rel}","templated":true}]}}