{"id":2783,"date":"2024-08-16T05:48:34","date_gmt":"2024-08-16T05:48:34","guid":{"rendered":"http:\/\/lagumex.mx\/index\/?p=2783"},"modified":"2024-08-17T05:50:28","modified_gmt":"2024-08-17T05:50:28","slug":"invitan-a-bailar-este-domingo-en-parque-victoria","status":"publish","type":"post","link":"https:\/\/lagumex.mx\/index\/lerdo\/invitan-a-bailar-este-domingo-en-parque-victoria\/","title":{"rendered":"Invitan a bailar este domingo en Parque Victoria"},"content":{"rendered":"\n<p>16 de agosto de 2024, Lerdo, Durango.- El Gobierno Municipal de Lerdo, a trav\u00e9s de la Direcci\u00f3n de arte y Cultura, invita a toda la ciudadan\u00eda para participar en el programa \u201cLos Amantes del Danz\u00f3n Victoria\u201d y asistir este domingo 18 de agosto, a bailar y disfrutar de este g\u00e9nero musical en el domo del parque Victoria. A partir de las 5:00 de la tarde, es cuando en el domo del emblem\u00e1tico parque Victoria, la m\u00fasica suena al ritmo de trompetas, flautas, clarinetes, timbales, G\u00fciros, y otros instrumentos m\u00e1s.H\u00e9ctor Escamilla record\u00f3 que los viernes de cada semana se estar\u00e1 presentando el programa \u201cCaravana Cultural\u201d en las diferentes villas y comunidades del municipio, acercando a la ciudadan\u00eda las distintas expresiones culturales, abriendo espacios de presentaci\u00f3n para artistas locales y haciendo part\u00edcipes a todos los lerdenses.<\/p>\n","protected":false},"excerpt":{"rendered":"<p>16 de agosto de 2024, Lerdo, Durango.- El Gobierno Municipal de Lerdo, a trav\u00e9s de la Direcci\u00f3n de arte y Cultura, invita a toda la ciudadan\u00eda para participar en el programa \u201cLos Amantes del Danz\u00f3n Victoria\u201d y asistir este domingo 18 de agosto, a bailar y disfrutar de este g\u00e9nero musical en el domo del&#8230;<\/p>\n","protected":false},"author":1,"featured_media":2784,"comment_status":"open","ping_status":"open","sticky":false,"template":"","format":"standard","meta":{"footnotes":""},"categories":[3],"tags":[],"class_list":["post-2783","post","type-post","status-publish","format-standard","has-post-thumbnail","hentry","category-lerdo"],"_links":{"self":[{"href":"https:\/\/lagumex.mx\/index\/wp-json\/wp\/v2\/posts\/2783","targetHints":{"allow":["GET"]}}],"collection":[{"href":"https:\/\/lagumex.mx\/index\/wp-json\/wp\/v2\/posts"}],"about":[{"href":"https:\/\/lagumex.mx\/index\/wp-json\/wp\/v2\/types\/post"}],"author":[{"embeddable":true,"href":"https:\/\/lagumex.mx\/index\/wp-json\/wp\/v2\/users\/1"}],"replies":[{"embeddable":true,"href":"https:\/\/lagumex.mx\/index\/wp-json\/wp\/v2\/comments?post=2783"}],"version-history":[{"count":1,"href":"https:\/\/lagumex.mx\/index\/wp-json\/wp\/v2\/posts\/2783\/revisions"}],"predecessor-version":[{"id":2785,"href":"https:\/\/lagumex.mx\/index\/wp-json\/wp\/v2\/posts\/2783\/revisions\/2785"}],"wp:featuredmedia":[{"embeddable":true,"href":"https:\/\/lagumex.mx\/index\/wp-json\/wp\/v2\/media\/2784"}],"wp:attachment":[{"href":"https:\/\/lagumex.mx\/index\/wp-json\/wp\/v2\/media?parent=2783"}],"wp:term":[{"taxonomy":"category","embeddable":true,"href":"https:\/\/lagumex.mx\/index\/wp-json\/wp\/v2\/categories?post=2783"},{"taxonomy":"post_tag","embeddable":true,"href":"https:\/\/lagumex.mx\/index\/wp-json\/wp\/v2\/tags?post=2783"}],"curies":[{"name":"wp","href":"https:\/\/api.w.org\/{rel}","templated":true}]}}