{"id":2753,"date":"2024-08-08T05:35:36","date_gmt":"2024-08-08T05:35:36","guid":{"rendered":"http:\/\/lagumex.mx\/index\/?p=2753"},"modified":"2024-08-17T05:36:43","modified_gmt":"2024-08-17T05:36:43","slug":"con-mucho-corazon-cumplen-marisol-y-esteban-otro-compromiso-mas-con-entrega-de-utiles-escolares","status":"publish","type":"post","link":"https:\/\/lagumex.mx\/index\/durango\/con-mucho-corazon-cumplen-marisol-y-esteban-otro-compromiso-mas-con-entrega-de-utiles-escolares\/","title":{"rendered":"Con mucho coraz\u00f3n, cumplen Marisol y Esteban otro compromiso m\u00e1s con entrega de \u00fatiles escolares"},"content":{"rendered":"\n<p>08 de agosto de 2024.- En este nuevo ciclo escolar, los pap\u00e1s se van a ahorrar una \u201clanita\u201d y sus hijos contar\u00e1n con lo m\u00ednimo indispensable para continuar sus estudios: Gobernador.<\/p>\n\n\n\n<p>Las vacaciones est\u00e1n por terminar y un nuevo ciclo escolar est\u00e1 por iniciar, por eso, el gobernador Esteban Villegas y la presidenta del DIF Estatal, Marisol Rosso, cumplen otro compromiso m\u00e1s al entregar \u00fatiles gratuitos a los alumnos de k\u00ednder y primaria de todo el estado, adicional a los uniformes escolares sin costo que ya reciben desde que inici\u00f3 la Administraci\u00f3n Estatal al igual que los ni\u00f1os de secundaria.<\/p>\n\n\n\n<p>\u201cCon los uniformes y con los \u00fatiles, los pap\u00e1s se van a ahorrar una \u2018lanita\u2019, pero lo m\u00e1s importante es la igualdad y la equidad que tendr\u00e1n los ni\u00f1os al verse igual en el sal\u00f3n de clase\u201d, dijo el Mandatario Estatal al considerar que con la entrega de estas prendas deportivas y herramientas para estudiar, ser\u00e1 una manera de transformarles su presente, para despu\u00e9s que sean ellos los que transformen el futuro de Durango.<\/p>\n\n\n\n<p>\u201cTodos estos apoyos los entregamos con mucho coraz\u00f3n\u201d, expres\u00f3 Marisol Rosso al compartir que los \u00fatiles escolares est\u00e1n muy completos y acorde a cada grado escolar como el de sexto de primaria que consta del juego de geometr\u00eda, dos libretas profesionales, su pegamento, goma, sacapuntas, plumas y l\u00e1piz.<\/p>\n\n\n\n<p>\u201cYa tenemos listos los uniformes escolares, algunos ya se repartieron en Durango, G\u00f3mez Palacio y Lerdo antes de salir a vacaciones, pero el resto del estado, en la primera semana de clases ya los van a tener\u201d, afirm\u00f3 Villegas Villarreal.<\/p>\n\n\n\n<p>Cabe mencionar que en todo el estado se repartir\u00e1n 370 mil prendas deportivas gratuitas para los alumnos de preescolar, primaria y secundaria, mientras que, un total de 206 mil 683 \u00fatiles escolares llegar\u00e1n a las ni\u00f1as y ni\u00f1os de todo el estado.<\/p>\n\n\n\n<p>Con esto, Marisol y Esteban cumplen otro compromiso m\u00e1s con los duranguenses, en especial con los padres de familia y con los estudiantes de preescolar, primaria y secundaria.<\/p>\n\n\n\n<p>ANEXO:<\/p>\n\n\n\n<p>Paquetes de \u00datiles Escolares* Preescolar:&nbsp; 4 mil 014 * \u20601er grado primaria: 32 mil 961 * \u20602o grado primaria: 33 mil 305* \u20603er grado primaria: 34 mil 408* \u20604o grado primaria: 34 mil 005* \u20605o grado primaria: 33 mil 662* \u20606o grado primaria: 34 mil 328<\/p>\n","protected":false},"excerpt":{"rendered":"<p>08 de agosto de 2024.- En este nuevo ciclo escolar, los pap\u00e1s se van a ahorrar una \u201clanita\u201d y sus hijos contar\u00e1n con lo m\u00ednimo indispensable para continuar sus estudios: Gobernador. Las vacaciones est\u00e1n por terminar y un nuevo ciclo escolar est\u00e1 por iniciar, por eso, el gobernador Esteban Villegas y la presidenta del DIF&#8230;<\/p>\n","protected":false},"author":1,"featured_media":2754,"comment_status":"open","ping_status":"open","sticky":false,"template":"","format":"standard","meta":{"footnotes":""},"categories":[1],"tags":[],"class_list":["post-2753","post","type-post","status-publish","format-standard","has-post-thumbnail","hentry","category-durango"],"_links":{"self":[{"href":"https:\/\/lagumex.mx\/index\/wp-json\/wp\/v2\/posts\/2753","targetHints":{"allow":["GET"]}}],"collection":[{"href":"https:\/\/lagumex.mx\/index\/wp-json\/wp\/v2\/posts"}],"about":[{"href":"https:\/\/lagumex.mx\/index\/wp-json\/wp\/v2\/types\/post"}],"author":[{"embeddable":true,"href":"https:\/\/lagumex.mx\/index\/wp-json\/wp\/v2\/users\/1"}],"replies":[{"embeddable":true,"href":"https:\/\/lagumex.mx\/index\/wp-json\/wp\/v2\/comments?post=2753"}],"version-history":[{"count":1,"href":"https:\/\/lagumex.mx\/index\/wp-json\/wp\/v2\/posts\/2753\/revisions"}],"predecessor-version":[{"id":2755,"href":"https:\/\/lagumex.mx\/index\/wp-json\/wp\/v2\/posts\/2753\/revisions\/2755"}],"wp:featuredmedia":[{"embeddable":true,"href":"https:\/\/lagumex.mx\/index\/wp-json\/wp\/v2\/media\/2754"}],"wp:attachment":[{"href":"https:\/\/lagumex.mx\/index\/wp-json\/wp\/v2\/media?parent=2753"}],"wp:term":[{"taxonomy":"category","embeddable":true,"href":"https:\/\/lagumex.mx\/index\/wp-json\/wp\/v2\/categories?post=2753"},{"taxonomy":"post_tag","embeddable":true,"href":"https:\/\/lagumex.mx\/index\/wp-json\/wp\/v2\/tags?post=2753"}],"curies":[{"name":"wp","href":"https:\/\/api.w.org\/{rel}","templated":true}]}}