{"id":2745,"date":"2024-08-05T05:28:32","date_gmt":"2024-08-05T05:28:32","guid":{"rendered":"http:\/\/lagumex.mx\/index\/?p=2745"},"modified":"2024-08-17T05:30:11","modified_gmt":"2024-08-17T05:30:11","slug":"feria-nacional-durango-francisco-villa-entre-las-mejores-a-nivel-nacional-esteban-villegas","status":"publish","type":"post","link":"https:\/\/lagumex.mx\/index\/durango\/feria-nacional-durango-francisco-villa-entre-las-mejores-a-nivel-nacional-esteban-villegas\/","title":{"rendered":"Feria Nacional Durango \u201cFrancisco Villa\u201d entre las mejores a nivel nacional: Esteban Villegas"},"content":{"rendered":"\n<p>05 de agosto de 2024.- Con atracciones y exposiciones de gran nivel, entidad duranguense se ubica en el mapa del turismo nacional.<\/p>\n\n\n\n<p>Con atracciones, espect\u00e1culos y exposiciones de gran nivel, la Feria Nacional \u201cFrancisco Villa\u201d 2024 est\u00e1 entre las mejores del pa\u00eds, destac\u00f3 el gobernador Esteban Villegas Villarreal al concluir 17 d\u00edas de celebraci\u00f3n del 461 Aniversario de la Ciudad con actividades para todos los gustos.<\/p>\n\n\n\n<p>El Ejecutivo Estatal dio a conocer que en esta edici\u00f3n se tuvo la gran afluencia de m\u00e1s de un mill\u00f3n de asistentes, entre locales y turistas, que disfrutaron de 17 conciertos en la Velaria, 3 macroconciertos en la Explanada de los Grandes y 12 conciertos en el Palenque, adem\u00e1s de incluir m\u00e1s de 110 actividades musicales, de danza y teatro, que resaltaron la cultura y el talento duranguense.<\/p>\n\n\n\n<p>En entrevista para medios de comunicaci\u00f3n, el Mandatario duranguense detall\u00f3 que con la organizaci\u00f3n de los diversos eventos, se generaron 4 mil 400 empleos directos e indirectos y se registr\u00f3 una derrama econ\u00f3mica de&nbsp; 271 millones de pesos, esto adem\u00e1s de los casi 9 millones de pesos recaudados en la gran Subasta Ganadera que se realiza en apoyo de la Casa Hogar del DIF Estatal.<\/p>\n\n\n\n<p>En esta la temporada de Feria, se registr\u00f3 un 80 por ciento de ocupaci\u00f3n hotelera con picos de 94 por ciento los fines de semana, que representa 10 puntos porcentuales mayores al a\u00f1o anterior, con visitantes de diferentes estados de la Rep\u00fablica Mexicana y de otros pa\u00edses tales como Estados Unidos, Espa\u00f1a, Canad\u00e1, Per\u00fa y Alemania.<\/p>\n\n\n\n<p>Villegas Villarreal resalt\u00f3 que este a\u00f1o se cont\u00f3 con atractivos \u00fanicos en el recinto ferial, ya que los asistentes pudieron disfrutar de la rueda de la fortuna m\u00f3vil m\u00e1s grande de Latinoam\u00e9rica con 35 metros de altura, adem\u00e1s de que por primera vez se instal\u00f3 un hospital rodante gratuito.<\/p>\n\n\n\n<p>La Feria Nacional \u201cFrancisco Villa\u201d es un evento imperdible, repleto de actividades para todos los gustos y edades, y una oportunidad para disfrutar de lo mejor de Durango en un ambiente festivo y seguro, agreg\u00f3 el Mandatario tras asegurar que para el 2025 la fiesta ser\u00e1 mucho mejor.<\/p>\n","protected":false},"excerpt":{"rendered":"<p>05 de agosto de 2024.- Con atracciones y exposiciones de gran nivel, entidad duranguense se ubica en el mapa del turismo nacional. Con atracciones, espect\u00e1culos y exposiciones de gran nivel, la Feria Nacional \u201cFrancisco Villa\u201d 2024 est\u00e1 entre las mejores del pa\u00eds, destac\u00f3 el gobernador Esteban Villegas Villarreal al concluir 17 d\u00edas de celebraci\u00f3n del&#8230;<\/p>\n","protected":false},"author":1,"featured_media":2746,"comment_status":"open","ping_status":"open","sticky":false,"template":"","format":"standard","meta":{"footnotes":""},"categories":[1],"tags":[],"class_list":["post-2745","post","type-post","status-publish","format-standard","has-post-thumbnail","hentry","category-durango"],"_links":{"self":[{"href":"https:\/\/lagumex.mx\/index\/wp-json\/wp\/v2\/posts\/2745","targetHints":{"allow":["GET"]}}],"collection":[{"href":"https:\/\/lagumex.mx\/index\/wp-json\/wp\/v2\/posts"}],"about":[{"href":"https:\/\/lagumex.mx\/index\/wp-json\/wp\/v2\/types\/post"}],"author":[{"embeddable":true,"href":"https:\/\/lagumex.mx\/index\/wp-json\/wp\/v2\/users\/1"}],"replies":[{"embeddable":true,"href":"https:\/\/lagumex.mx\/index\/wp-json\/wp\/v2\/comments?post=2745"}],"version-history":[{"count":1,"href":"https:\/\/lagumex.mx\/index\/wp-json\/wp\/v2\/posts\/2745\/revisions"}],"predecessor-version":[{"id":2747,"href":"https:\/\/lagumex.mx\/index\/wp-json\/wp\/v2\/posts\/2745\/revisions\/2747"}],"wp:featuredmedia":[{"embeddable":true,"href":"https:\/\/lagumex.mx\/index\/wp-json\/wp\/v2\/media\/2746"}],"wp:attachment":[{"href":"https:\/\/lagumex.mx\/index\/wp-json\/wp\/v2\/media?parent=2745"}],"wp:term":[{"taxonomy":"category","embeddable":true,"href":"https:\/\/lagumex.mx\/index\/wp-json\/wp\/v2\/categories?post=2745"},{"taxonomy":"post_tag","embeddable":true,"href":"https:\/\/lagumex.mx\/index\/wp-json\/wp\/v2\/tags?post=2745"}],"curies":[{"name":"wp","href":"https:\/\/api.w.org\/{rel}","templated":true}]}}