{"id":2741,"date":"2024-07-10T01:16:00","date_gmt":"2024-07-10T01:16:00","guid":{"rendered":"http:\/\/lagumex.mx\/index\/?p=2741"},"modified":"2024-08-07T01:16:43","modified_gmt":"2024-08-07T01:16:43","slug":"a-pesar-de-que-existen-leyes-a-nivel-nacional-y-local-para-protegerlos-persiste-la-discriminacion-contra-comunidad-lgbtiq-marisol-carrillo","status":"publish","type":"post","link":"https:\/\/lagumex.mx\/index\/uncategorized\/congreso-de-durango\/a-pesar-de-que-existen-leyes-a-nivel-nacional-y-local-para-protegerlos-persiste-la-discriminacion-contra-comunidad-lgbtiq-marisol-carrillo\/","title":{"rendered":"A pesar de que existen leyes a nivel nacional y local para protegerlos, persiste la discriminaci\u00f3n contra comunidad LGBTIQ+: Marisol Carrillo"},"content":{"rendered":"\n<p>10 de julio de 2024.- Sexag\u00e9sima Novena Legislatura pasar\u00e1 a la historia por aprobar el matrimonio igualitario: diputada.<\/p>\n\n\n\n<p>A pesar de las leyes a nivel nacional y local para proteger a la comunidad LGBTIQ+ y del aval al matrimonio igualitario en Durango, siguen ocurriendo actos de discriminaci\u00f3n, lo que indica que a\u00fan falta mucho por hacer, afirm\u00f3 la diputada Marisol Carrillo Quiroga.<\/p>\n\n\n\n<p><br>Durante la sesi\u00f3n de la Comisi\u00f3n Permanente, inform\u00f3 que, seg\u00fan datos de la encuestadora Enkoll, los principales problemas que enfrenta la comunidad LGBTIQ+ son la falta de apoyo o aceptaci\u00f3n familiar, los feminicidios y asesinatos en este sector de la sociedad, el acoso sexual y la falta de oportunidades laborales debido a la aceptaci\u00f3n y discriminaci\u00f3n existente.<\/p>\n\n\n\n<p><br>\u201cEstoy convencida de que falta mucho por hacer para garantizar el acceso a diversos \u00e1mbitos a quienes pertenecen a la comunidad LGBTIQ+, pero tambi\u00e9n estoy comprometida a seguir promoviendo pol\u00edticas p\u00fablicas que permitan garantizar ese acceso que por a\u00f1os han buscado las comunidades\u201d, resalt\u00f3.<\/p>\n\n\n\n<p><br>La representante popular destac\u00f3 que, como integrante de Morena, siempre ser\u00e1 una aliada para prevenir y erradicar la discriminaci\u00f3n contra la comunidad y seguir\u00e1 siendo la portavoz de sus reclamaciones en el Congreso del Estado.<br>Al reconocer que hace unos meses el Congreso del Estado aprob\u00f3 el matrimonio igualitario, estableci\u00e9ndolo en el marco normativo local, Carrillo Quiroga se\u00f1al\u00f3 que su voto fue a favor de dicho dictamen.<\/p>\n\n\n\n<p><br>\u201cEstoy contenta porque de esta manera la Sexag\u00e9sima Novena Legislatura pasar\u00e1 a la historia como garantizadora de la no discriminaci\u00f3n por origen \u00e9tnico o nacional, g\u00e9nero, discapacidades, condiciones sociales y, por supuesto, por las preferencias sexuales o cualquier otra que atente contra la dignidad humana y tenga por objeto anular o menoscabar los derechos humanos\u201d, resalt\u00f3.<br><br>Agreg\u00f3 que, si bien el pa\u00eds cuenta desde 2003 con una ley federal para prevenir y eliminar la discriminaci\u00f3n, que la define como toda acci\u00f3n que intente obstaculizar, restringir, impedir, menoscabar o anular el reconocimiento, goce o ejercicio de los derechos humanos, tambi\u00e9n es cierto que quienes pertenecen a la comunidad LGBTIQ+ ven con tristeza que las leyes no han detenido esa discriminaci\u00f3n.<\/p>\n","protected":false},"excerpt":{"rendered":"<p>10 de julio de 2024.- Sexag\u00e9sima Novena Legislatura pasar\u00e1 a la historia por aprobar el matrimonio igualitario: diputada. A pesar de las leyes a nivel nacional y local para proteger a la comunidad LGBTIQ+ y del aval al matrimonio igualitario en Durango, siguen ocurriendo actos de discriminaci\u00f3n, lo que indica que a\u00fan falta mucho por&#8230;<\/p>\n","protected":false},"author":1,"featured_media":0,"comment_status":"open","ping_status":"open","sticky":false,"template":"","format":"standard","meta":{"footnotes":""},"categories":[13],"tags":[],"class_list":["post-2741","post","type-post","status-publish","format-standard","hentry","category-congreso-de-durango"],"_links":{"self":[{"href":"https:\/\/lagumex.mx\/index\/wp-json\/wp\/v2\/posts\/2741","targetHints":{"allow":["GET"]}}],"collection":[{"href":"https:\/\/lagumex.mx\/index\/wp-json\/wp\/v2\/posts"}],"about":[{"href":"https:\/\/lagumex.mx\/index\/wp-json\/wp\/v2\/types\/post"}],"author":[{"embeddable":true,"href":"https:\/\/lagumex.mx\/index\/wp-json\/wp\/v2\/users\/1"}],"replies":[{"embeddable":true,"href":"https:\/\/lagumex.mx\/index\/wp-json\/wp\/v2\/comments?post=2741"}],"version-history":[{"count":1,"href":"https:\/\/lagumex.mx\/index\/wp-json\/wp\/v2\/posts\/2741\/revisions"}],"predecessor-version":[{"id":2742,"href":"https:\/\/lagumex.mx\/index\/wp-json\/wp\/v2\/posts\/2741\/revisions\/2742"}],"wp:attachment":[{"href":"https:\/\/lagumex.mx\/index\/wp-json\/wp\/v2\/media?parent=2741"}],"wp:term":[{"taxonomy":"category","embeddable":true,"href":"https:\/\/lagumex.mx\/index\/wp-json\/wp\/v2\/categories?post=2741"},{"taxonomy":"post_tag","embeddable":true,"href":"https:\/\/lagumex.mx\/index\/wp-json\/wp\/v2\/tags?post=2741"}],"curies":[{"name":"wp","href":"https:\/\/api.w.org\/{rel}","templated":true}]}}