{"id":2733,"date":"2024-08-05T01:10:53","date_gmt":"2024-08-05T01:10:53","guid":{"rendered":"http:\/\/lagumex.mx\/index\/?p=2733"},"modified":"2024-08-07T01:12:37","modified_gmt":"2024-08-07T01:12:37","slug":"revision-de-cuentas-publicas-a-cargo-de-la-proxima-legislatura-sandra-amaya","status":"publish","type":"post","link":"https:\/\/lagumex.mx\/index\/uncategorized\/congreso-de-durango\/revision-de-cuentas-publicas-a-cargo-de-la-proxima-legislatura-sandra-amaya\/","title":{"rendered":"Revisi\u00f3n de cuentas p\u00fablicas a cargo de la pr\u00f3xima legislatura: Sandra Amaya"},"content":{"rendered":"\n<p>05 de agosto de 2024.- El Congreso del Estado, a trav\u00e9s de su presidenta de la Junta de Gobierno y Coordinaci\u00f3n Pol\u00edtica (JUGOCOPO), Sandra Amaya, informa que las cuentas p\u00fablicas ser\u00e1n revisadas por la legislatura entrante. Aunque estas cuentas ser\u00e1n recibidas en el mes de agosto por la actual legislatura, se ha acordado con los grupos parlamentarios que la revisi\u00f3n, an\u00e1lisis y aprobaci\u00f3n de las mismas ser\u00e1 responsabilidad de la pr\u00f3xima legislatura, que inicia en septiembre.<\/p>\n\n\n\n<p>Amaya destac\u00f3 que esta decisi\u00f3n busca asegurar una revisi\u00f3n detallada y exhaustiva de las cuentas p\u00fablicas de los 39 municipios y del estado. \u201cEs fundamental que la nueva legislatura tenga el tiempo y la oportunidad para realizar un an\u00e1lisis minucioso y transparente de las cuentas p\u00fablicas. Hemos consensuado esta medida con los distintos grupos parlamentarios para garantizar un proceso riguroso y transparente\u201d, afirm\u00f3.<\/p>\n\n\n\n<p>\u201cEste enfoque permitir\u00e1 que la nueva legislatura, con una visi\u00f3n fresca y renovada, se encargue de esta importante tarea, asegurando que se mantenga el compromiso del Congreso con la rendici\u00f3n de cuentas y la transparencia en el manejo de los recursos p\u00fablicos.\u201d Concluy\u00f3 Sandra Amaya<\/p>\n","protected":false},"excerpt":{"rendered":"<p>05 de agosto de 2024.- El Congreso del Estado, a trav\u00e9s de su presidenta de la Junta de Gobierno y Coordinaci\u00f3n Pol\u00edtica (JUGOCOPO), Sandra Amaya, informa que las cuentas p\u00fablicas ser\u00e1n revisadas por la legislatura entrante. Aunque estas cuentas ser\u00e1n recibidas en el mes de agosto por la actual legislatura, se ha acordado con los&#8230;<\/p>\n","protected":false},"author":1,"featured_media":2734,"comment_status":"open","ping_status":"open","sticky":false,"template":"","format":"standard","meta":{"footnotes":""},"categories":[13],"tags":[],"class_list":["post-2733","post","type-post","status-publish","format-standard","has-post-thumbnail","hentry","category-congreso-de-durango"],"_links":{"self":[{"href":"https:\/\/lagumex.mx\/index\/wp-json\/wp\/v2\/posts\/2733","targetHints":{"allow":["GET"]}}],"collection":[{"href":"https:\/\/lagumex.mx\/index\/wp-json\/wp\/v2\/posts"}],"about":[{"href":"https:\/\/lagumex.mx\/index\/wp-json\/wp\/v2\/types\/post"}],"author":[{"embeddable":true,"href":"https:\/\/lagumex.mx\/index\/wp-json\/wp\/v2\/users\/1"}],"replies":[{"embeddable":true,"href":"https:\/\/lagumex.mx\/index\/wp-json\/wp\/v2\/comments?post=2733"}],"version-history":[{"count":1,"href":"https:\/\/lagumex.mx\/index\/wp-json\/wp\/v2\/posts\/2733\/revisions"}],"predecessor-version":[{"id":2735,"href":"https:\/\/lagumex.mx\/index\/wp-json\/wp\/v2\/posts\/2733\/revisions\/2735"}],"wp:featuredmedia":[{"embeddable":true,"href":"https:\/\/lagumex.mx\/index\/wp-json\/wp\/v2\/media\/2734"}],"wp:attachment":[{"href":"https:\/\/lagumex.mx\/index\/wp-json\/wp\/v2\/media?parent=2733"}],"wp:term":[{"taxonomy":"category","embeddable":true,"href":"https:\/\/lagumex.mx\/index\/wp-json\/wp\/v2\/categories?post=2733"},{"taxonomy":"post_tag","embeddable":true,"href":"https:\/\/lagumex.mx\/index\/wp-json\/wp\/v2\/tags?post=2733"}],"curies":[{"name":"wp","href":"https:\/\/api.w.org\/{rel}","templated":true}]}}