{"id":2707,"date":"2024-08-03T18:05:59","date_gmt":"2024-08-03T18:05:59","guid":{"rendered":"http:\/\/lagumex.mx\/index\/?p=2707"},"modified":"2024-08-04T18:06:58","modified_gmt":"2024-08-04T18:06:58","slug":"entregan-nuevos-nombramientos-en-la-secretaria-de-educacion","status":"publish","type":"post","link":"https:\/\/lagumex.mx\/index\/uncategorized\/uac\/uac-uac\/coahuila-coahuila\/entregan-nuevos-nombramientos-en-la-secretaria-de-educacion\/","title":{"rendered":"Entregan nuevos nombramientos en la Secretar\u00eda de Educaci\u00f3n"},"content":{"rendered":"\n<p>03 de agosto de 2024.- <strong>Saltillo, Coahuila de Zaragoza<\/strong>.- Para la Administraci\u00f3n del gobernador Manolo Jim\u00e9nez Salinas la educaci\u00f3n es una prioridad, por lo que se sigue fortaleciendo y robusteciendo dicha secretar\u00eda con nuevos perfiles, cambios y enroques con la finalidad de que el gran proyecto educativo que se detonar\u00e1 en el siguiente ciclo escolar sea exitoso.<\/p>\n\n\n\n<p>\u00d3scar Pimentel Gonz\u00e1lez, secretario de Gobierno, con la representaci\u00f3n del Mandatario estatal, junto a Emanuel Garza Fishburn, secretario de Educaci\u00f3n, entregaron nuevos nombramientos para directores, directoras, rectores, rectoras de instituciones educativas de diversas regiones de la entidad, as\u00ed como a titulares de direcciones de la propia secretar\u00eda.<\/p>\n\n\n\n<p>El secretario de Gobierno destac\u00f3 que los movimientos que se han estado realizando en la Secretar\u00eda de Educaci\u00f3n obedecen a la necesidad de implementar el nuevo proyecto en la materia, por lo que el Gobernador del Estado gir\u00f3 instrucciones de fortalecer el equipo en esta dependencia.<\/p>\n\n\n\n<p>A cada uno de los nuevos funcionarios les exhort\u00f3 a desempe\u00f1arse con compromiso y honestidad por el bien de la ni\u00f1ez y juventud coahuilenses, y a trabajar con cercan\u00eda a la gente, como da el ejemplo el gobernador Manolo Jim\u00e9nez.<\/p>\n\n\n\n<p>Los nombramientos que se entregaron este d\u00eda, son:<\/p>\n\n\n\n<p>&#8211; Abraham Segundo Gonz\u00e1lez Ruiz, director de Servicios Regionales Monclova.<\/p>\n\n\n\n<p>&#8211; Alma Aleida L\u00f3pez Barr\u00f3n, rectora de la Universidad Polit\u00e9cnica de Ramos Arizpe.<\/p>\n\n\n\n<p>&#8211; Santos Eduardo de la Garza Garc\u00eda, director del Instituto Tecnol\u00f3gico Superior de M\u00fazquiz.<\/p>\n\n\n\n<p>&#8211; Adri\u00e1n Alberto S\u00e1nchez Ortiz, rector de la Universidad Tecnol\u00f3gica de Parras de la Fuente.<\/p>\n\n\n\n<p>&#8211; Jos\u00e9 Armando Castro Murgu\u00eda, rector de la Universidad Polit\u00e9cnica de Monclova-Frontera.<\/p>\n\n\n\n<p>&#8211; Gabriela Cruz Li\u00f1\u00e1n, directora de la Escuela Normal de Monclova.<\/p>\n\n\n\n<p>&#8211; Pedro Cisneros Gaona, director de Educaci\u00f3n Especial.<\/p>\n","protected":false},"excerpt":{"rendered":"<p>03 de agosto de 2024.- Saltillo, Coahuila de Zaragoza.- Para la Administraci\u00f3n del gobernador Manolo Jim\u00e9nez Salinas la educaci\u00f3n es una prioridad, por lo que se sigue fortaleciendo y robusteciendo dicha secretar\u00eda con nuevos perfiles, cambios y enroques con la finalidad de que el gran proyecto educativo que se detonar\u00e1 en el siguiente ciclo escolar&#8230;<\/p>\n","protected":false},"author":1,"featured_media":2708,"comment_status":"open","ping_status":"open","sticky":false,"template":"","format":"standard","meta":{"footnotes":""},"categories":[2],"tags":[],"class_list":["post-2707","post","type-post","status-publish","format-standard","has-post-thumbnail","hentry","category-coahuila-coahuila"],"_links":{"self":[{"href":"https:\/\/lagumex.mx\/index\/wp-json\/wp\/v2\/posts\/2707","targetHints":{"allow":["GET"]}}],"collection":[{"href":"https:\/\/lagumex.mx\/index\/wp-json\/wp\/v2\/posts"}],"about":[{"href":"https:\/\/lagumex.mx\/index\/wp-json\/wp\/v2\/types\/post"}],"author":[{"embeddable":true,"href":"https:\/\/lagumex.mx\/index\/wp-json\/wp\/v2\/users\/1"}],"replies":[{"embeddable":true,"href":"https:\/\/lagumex.mx\/index\/wp-json\/wp\/v2\/comments?post=2707"}],"version-history":[{"count":1,"href":"https:\/\/lagumex.mx\/index\/wp-json\/wp\/v2\/posts\/2707\/revisions"}],"predecessor-version":[{"id":2709,"href":"https:\/\/lagumex.mx\/index\/wp-json\/wp\/v2\/posts\/2707\/revisions\/2709"}],"wp:featuredmedia":[{"embeddable":true,"href":"https:\/\/lagumex.mx\/index\/wp-json\/wp\/v2\/media\/2708"}],"wp:attachment":[{"href":"https:\/\/lagumex.mx\/index\/wp-json\/wp\/v2\/media?parent=2707"}],"wp:term":[{"taxonomy":"category","embeddable":true,"href":"https:\/\/lagumex.mx\/index\/wp-json\/wp\/v2\/categories?post=2707"},{"taxonomy":"post_tag","embeddable":true,"href":"https:\/\/lagumex.mx\/index\/wp-json\/wp\/v2\/tags?post=2707"}],"curies":[{"name":"wp","href":"https:\/\/api.w.org\/{rel}","templated":true}]}}