{"id":2670,"date":"2024-07-27T04:41:48","date_gmt":"2024-07-27T04:41:48","guid":{"rendered":"http:\/\/lagumex.mx\/index\/?p=2670"},"modified":"2024-07-30T04:42:53","modified_gmt":"2024-07-30T04:42:53","slug":"fomenta-gobierno-estatal-el-valor-de-la-amistad-empatia-y-companerismo-inaugura-marisol-rosso-plan-vacacional-verano-2024","status":"publish","type":"post","link":"https:\/\/lagumex.mx\/index\/durango\/fomenta-gobierno-estatal-el-valor-de-la-amistad-empatia-y-companerismo-inaugura-marisol-rosso-plan-vacacional-verano-2024\/","title":{"rendered":"Fomenta Gobierno Estatal el valor de la amistad, empat\u00eda y compa\u00f1erismo; inaugura Marisol Rosso \u201cPlan Vacacional Verano 2024\u201d"},"content":{"rendered":"\n<p>27 de julio de 2024.-  Instituto Estatal del Deporte, ofrece actividades como nataci\u00f3n, f\u00fatbol, gimnasia, luchas, handball, b\u00e9isbol 5, taekwondo, b\u00e1squetbol, baile moderno, manualidades, recreaci\u00f3n y vida saludable.<\/p>\n\n\n\n<p>Para que nuestras ni\u00f1as, ni\u00f1os y j\u00f3venes, aprendan el valor de la amistad, la empat\u00eda y del compa\u00f1erismo, el Gobierno Estatal realiza el \u201cPlan Vacacional Verano 2024\u201d en el Instituto Estatal del Deporte, destac\u00f3 la presidenta del DIF Estatal, Marisol Rosso al inaugurar junto al titular del IED, C\u00e9sar C\u00e1rdenas Reyes y el director de Comunicaci\u00f3n Social, V\u00edctor Hugo Hern\u00e1ndez Fuentes esta actividad y encender por primera vez el \u201cFuego de la Amistad\u201d.<\/p>\n\n\n\n<p>Al convivir con peque\u00f1os y j\u00f3venes, Marisol reconoci\u00f3 el trabajo del titular del Instituto, Estatal del Deporte y todo su equipo, as\u00ed como a los padres de familia, por confiar en que sus hijos est\u00e9n en las mejores manos en este Curso de Verano. De igual forma, felicit\u00f3 a la Secretar\u00eda de Educaci\u00f3n (SEED), pues crearon una gu\u00eda de vida saludable, que formar\u00e1 parte de estas actividades.<\/p>\n\n\n\n<p>C\u00e9sar C\u00e1rdenas Reyes, director del IED, detall\u00f3 que, con el manual creado por la SEED, los alumnos tendr\u00e1n la posibilidad de aprender nuevos h\u00e1bitos de conducta, alimentaci\u00f3n actividades f\u00edsicas, en combinaci\u00f3n con otras disciplinas, y asegur\u00f3 que los ni\u00f1os saldr\u00e1n con nuevos conocimientos, aprendizajes y cosas positivas para su vida.<\/p>\n\n\n\n<p>\u201cEl Gobernador nos pidi\u00f3 hacer un curso de verano diferente, donde podamos darles informaci\u00f3n y aprendizajes a sus hijos de manera muy puntual, al final del curso les daremos unos chicos m\u00e1s contentos, \u00edntegros y con visi\u00f3n de ser cada vez mejores ciudadanos\u201d, apunt\u00f3. All\u00ed, adelant\u00f3 que se est\u00e1 preparando otro curso con sociedad civil, para el pr\u00f3ximo mes de septiembre y quienes se inscribieron a \u00e9ste, podr\u00e1n acceder de manera gratuita.<\/p>\n\n\n\n<p>Durante la inauguraci\u00f3n, integrantes de las denominadas \u201cPatrullas de 6 a 14 a\u00f1os\u201d del Plan Vacacional, dieron muestra de las diferentes disciplinas deportivas que se estar\u00e1n desarrollando en las cuatro semanas, como voleibol, b\u00e1squetbol, baile moderno, taekwondo, gimnasia y demostraci\u00f3n de lucha grecorromana, presentaciones que incrementaron la alegr\u00eda y el buen ambiente en el recinto.<\/p>\n","protected":false},"excerpt":{"rendered":"<p>27 de julio de 2024.- Instituto Estatal del Deporte, ofrece actividades como nataci\u00f3n, f\u00fatbol, gimnasia, luchas, handball, b\u00e9isbol 5, taekwondo, b\u00e1squetbol, baile moderno, manualidades, recreaci\u00f3n y vida saludable. Para que nuestras ni\u00f1as, ni\u00f1os y j\u00f3venes, aprendan el valor de la amistad, la empat\u00eda y del compa\u00f1erismo, el Gobierno Estatal realiza el \u201cPlan Vacacional Verano 2024\u201d&#8230;<\/p>\n","protected":false},"author":1,"featured_media":2671,"comment_status":"open","ping_status":"open","sticky":false,"template":"","format":"standard","meta":{"footnotes":""},"categories":[1],"tags":[],"class_list":["post-2670","post","type-post","status-publish","format-standard","has-post-thumbnail","hentry","category-durango"],"_links":{"self":[{"href":"https:\/\/lagumex.mx\/index\/wp-json\/wp\/v2\/posts\/2670","targetHints":{"allow":["GET"]}}],"collection":[{"href":"https:\/\/lagumex.mx\/index\/wp-json\/wp\/v2\/posts"}],"about":[{"href":"https:\/\/lagumex.mx\/index\/wp-json\/wp\/v2\/types\/post"}],"author":[{"embeddable":true,"href":"https:\/\/lagumex.mx\/index\/wp-json\/wp\/v2\/users\/1"}],"replies":[{"embeddable":true,"href":"https:\/\/lagumex.mx\/index\/wp-json\/wp\/v2\/comments?post=2670"}],"version-history":[{"count":1,"href":"https:\/\/lagumex.mx\/index\/wp-json\/wp\/v2\/posts\/2670\/revisions"}],"predecessor-version":[{"id":2672,"href":"https:\/\/lagumex.mx\/index\/wp-json\/wp\/v2\/posts\/2670\/revisions\/2672"}],"wp:featuredmedia":[{"embeddable":true,"href":"https:\/\/lagumex.mx\/index\/wp-json\/wp\/v2\/media\/2671"}],"wp:attachment":[{"href":"https:\/\/lagumex.mx\/index\/wp-json\/wp\/v2\/media?parent=2670"}],"wp:term":[{"taxonomy":"category","embeddable":true,"href":"https:\/\/lagumex.mx\/index\/wp-json\/wp\/v2\/categories?post=2670"},{"taxonomy":"post_tag","embeddable":true,"href":"https:\/\/lagumex.mx\/index\/wp-json\/wp\/v2\/tags?post=2670"}],"curies":[{"name":"wp","href":"https:\/\/api.w.org\/{rel}","templated":true}]}}