{"id":2658,"date":"2024-07-23T04:36:35","date_gmt":"2024-07-23T04:36:35","guid":{"rendered":"http:\/\/lagumex.mx\/index\/?p=2658"},"modified":"2024-07-30T04:37:43","modified_gmt":"2024-07-30T04:37:43","slug":"abre-el-gobierno-de-esteban-las-escuelas-de-verano-para-fortalecer-aprendizaje-y-habilidades-de-alumnos","status":"publish","type":"post","link":"https:\/\/lagumex.mx\/index\/durango\/abre-el-gobierno-de-esteban-las-escuelas-de-verano-para-fortalecer-aprendizaje-y-habilidades-de-alumnos\/","title":{"rendered":"Abre el Gobierno de Esteban las\u00a0 \u00abEscuelas de Verano\u201d para fortalecer aprendizaje y habilidades de alumnos"},"content":{"rendered":"\n<p>23 de julio de 2024.- Participan 50 instituciones de educaci\u00f3n b\u00e1sica de diversos municipios.<\/p>\n\n\n\n<p>En la escuela primaria \u00abInsurgentes\u00bb, autoridades educativas, padres de familia, docentes y alumnos fueron parte del inicio del programa \u00abEscuela de Verano\u00bb con el que se busca fortalecer los aprendizajes en lecto-escritura y matem\u00e1ticas de estudiantes de educaci\u00f3n b\u00e1sica.<\/p>\n\n\n\n<p>Se espera que, con la participaci\u00f3n de padres de familia, docentes y alumnos, en unidad, estas acciones que son parte del inter\u00e9s del Gobierno de Esteban Villegas, se pueda llevar a Durango a los primeros cinco lugares a nivel nacional en calidad educativa.<\/p>\n\n\n\n<p>En este sentido, el subsecretario de Servicios Educativos, Rolando Garc\u00eda Cruz en representaci\u00f3n del titular de la Secretar\u00eda de Educaci\u00f3n, Guillermo Adame Calder\u00f3n, mencion\u00f3 que este programa se llevar\u00e1 a cabo del 22 de julio al 9 de agosto, con el cual, se busca reforzar a los alumnos en las materias b\u00e1sicas para la formaci\u00f3n acad\u00e9mica, adem\u00e1s de convivir con sus compa\u00f1eros, a trav\u00e9s de actividades que combinan el arte, la cultura y el deporte.<\/p>\n\n\n\n<p>\u201cDijo que este programa, se llevar\u00e1 a cabo en 50 escuelas de G\u00f3mez Palacio, Lerdo, Durango, Santiago Papasquiaro, Canatl\u00e1n, Nuevo Ideal, entre otros.<\/p>\n\n\n\n<p>Destac\u00f3, que esta actividad acad\u00e9mico-recreativa, es la primera acci\u00f3n de la estrategia para el rescate educativo en el estado; \u201cse busca consolidar aquellas \u00e1reas del aprendizaje en donde no se tuvieron buenos resultados y mejorar aquellos que resultaron insuficientes en la prueba estandarizada que se aplic\u00f3 en abril\u201d, dijo.<\/p>\n\n\n\n<p>Al finalizar \u00abEscuela de Verano\u00bb, los docentes que participaron obtendr\u00e1n una constancia con valor de120 horas en el USICAMM, en lo que corresponde para la promoci\u00f3n horizontal o vertical.<\/p>\n","protected":false},"excerpt":{"rendered":"<p>23 de julio de 2024.- Participan 50 instituciones de educaci\u00f3n b\u00e1sica de diversos municipios. En la escuela primaria \u00abInsurgentes\u00bb, autoridades educativas, padres de familia, docentes y alumnos fueron parte del inicio del programa \u00abEscuela de Verano\u00bb con el que se busca fortalecer los aprendizajes en lecto-escritura y matem\u00e1ticas de estudiantes de educaci\u00f3n b\u00e1sica. Se espera&#8230;<\/p>\n","protected":false},"author":1,"featured_media":2659,"comment_status":"open","ping_status":"open","sticky":false,"template":"","format":"standard","meta":{"footnotes":""},"categories":[1],"tags":[],"class_list":["post-2658","post","type-post","status-publish","format-standard","has-post-thumbnail","hentry","category-durango"],"_links":{"self":[{"href":"https:\/\/lagumex.mx\/index\/wp-json\/wp\/v2\/posts\/2658","targetHints":{"allow":["GET"]}}],"collection":[{"href":"https:\/\/lagumex.mx\/index\/wp-json\/wp\/v2\/posts"}],"about":[{"href":"https:\/\/lagumex.mx\/index\/wp-json\/wp\/v2\/types\/post"}],"author":[{"embeddable":true,"href":"https:\/\/lagumex.mx\/index\/wp-json\/wp\/v2\/users\/1"}],"replies":[{"embeddable":true,"href":"https:\/\/lagumex.mx\/index\/wp-json\/wp\/v2\/comments?post=2658"}],"version-history":[{"count":1,"href":"https:\/\/lagumex.mx\/index\/wp-json\/wp\/v2\/posts\/2658\/revisions"}],"predecessor-version":[{"id":2660,"href":"https:\/\/lagumex.mx\/index\/wp-json\/wp\/v2\/posts\/2658\/revisions\/2660"}],"wp:featuredmedia":[{"embeddable":true,"href":"https:\/\/lagumex.mx\/index\/wp-json\/wp\/v2\/media\/2659"}],"wp:attachment":[{"href":"https:\/\/lagumex.mx\/index\/wp-json\/wp\/v2\/media?parent=2658"}],"wp:term":[{"taxonomy":"category","embeddable":true,"href":"https:\/\/lagumex.mx\/index\/wp-json\/wp\/v2\/categories?post=2658"},{"taxonomy":"post_tag","embeddable":true,"href":"https:\/\/lagumex.mx\/index\/wp-json\/wp\/v2\/tags?post=2658"}],"curies":[{"name":"wp","href":"https:\/\/api.w.org\/{rel}","templated":true}]}}