{"id":2655,"date":"2024-07-17T04:56:15","date_gmt":"2024-07-17T04:56:15","guid":{"rendered":"http:\/\/lagumex.mx\/index\/?p=2655"},"modified":"2024-07-23T04:57:35","modified_gmt":"2024-07-23T04:57:35","slug":"venta-de-aguas-residuales-generara-impacto-ambiental-homero-martinez","status":"publish","type":"post","link":"https:\/\/lagumex.mx\/index\/lerdo\/venta-de-aguas-residuales-generara-impacto-ambiental-homero-martinez\/","title":{"rendered":"Venta de aguas residuales generar\u00e1 impacto ambiental: Homero Mart\u00ednez"},"content":{"rendered":"\n<p>17 de julio de 2024.- Este jueves, posterior a la sesi\u00f3n de Cabildo ordinaria n\u00famero 88, el\u00a0<strong>Alcalde Homero Mart\u00ednez<\/strong>\u00a0revir\u00f3 a una de las regidoras sobre su postura y opini\u00f3n acerca de la propuesta previamente aprobada por el H. Cabildo, que<strong>\u00a0permitir\u00e1 al SAPAL realizar la venta hist\u00f3rica de aguas grises y negras a particulares.<\/strong><\/p>\n\n\n\n<p>El edil dej\u00f3 en claro que, luego de m\u00e1s de 15 a\u00f1os de la construcci\u00f3n de la planta tratadora de aguas residuales, el Municipio\u00a0<strong>no hab\u00eda recibido un solo peso de la venta de aguas grises a la termoel\u00e9ctrica de CFE.<\/strong>\u00a0Por lo cual se hizo un ad\u00e9ndum al contrato entre la empresa Ticsa y CFE, con el cual no solamente se recibir\u00eda un ingreso mensual, sino que adem\u00e1s se quitaba un candado para la venta a particulares y no solamente a la Comisi\u00f3n Federal. <\/p>\n\n\n\n<p>Sin embargo, derivado de que actualmente el&nbsp;<strong>consumo de agua potable&nbsp;<\/strong>obliga al SAPAL a inyectar una mayor cantidad de agua en las l\u00edneas de conducci\u00f3n y, por efecto, se incrementaron las aguas negras en el drenaje de la ciudad, se han presentado niveles altos de aguas negras en diferentes sectores, al rebasar el consumo de la planta tratadora.<\/p>\n\n\n\n<p>Coment\u00f3 que una de las propuestas que solucionar\u00e1n dicho problema, es la&nbsp;<strong>venta de 200 litros por segundo de aguas negras a un ejidatario<\/strong>, la cual permitir\u00e1 disminuir el problema de los brotes de aguas en la ciudad, y la otra es l<strong>a venta de aguas grises a Cribis<\/strong>a, para un proyecto de impacto ambiental que resolver\u00e1 el problema del polvo en el aire que se genera por cada una de las explosiones.<\/p>\n","protected":false},"excerpt":{"rendered":"<p>17 de julio de 2024.- Este jueves, posterior a la sesi\u00f3n de Cabildo ordinaria n\u00famero 88, el\u00a0Alcalde Homero Mart\u00ednez\u00a0revir\u00f3 a una de las regidoras sobre su postura y opini\u00f3n acerca de la propuesta previamente aprobada por el H. Cabildo, que\u00a0permitir\u00e1 al SAPAL realizar la venta hist\u00f3rica de aguas grises y negras a particulares. El edil&#8230;<\/p>\n","protected":false},"author":1,"featured_media":2656,"comment_status":"open","ping_status":"open","sticky":false,"template":"","format":"standard","meta":{"footnotes":""},"categories":[3],"tags":[],"class_list":["post-2655","post","type-post","status-publish","format-standard","has-post-thumbnail","hentry","category-lerdo"],"_links":{"self":[{"href":"https:\/\/lagumex.mx\/index\/wp-json\/wp\/v2\/posts\/2655","targetHints":{"allow":["GET"]}}],"collection":[{"href":"https:\/\/lagumex.mx\/index\/wp-json\/wp\/v2\/posts"}],"about":[{"href":"https:\/\/lagumex.mx\/index\/wp-json\/wp\/v2\/types\/post"}],"author":[{"embeddable":true,"href":"https:\/\/lagumex.mx\/index\/wp-json\/wp\/v2\/users\/1"}],"replies":[{"embeddable":true,"href":"https:\/\/lagumex.mx\/index\/wp-json\/wp\/v2\/comments?post=2655"}],"version-history":[{"count":1,"href":"https:\/\/lagumex.mx\/index\/wp-json\/wp\/v2\/posts\/2655\/revisions"}],"predecessor-version":[{"id":2657,"href":"https:\/\/lagumex.mx\/index\/wp-json\/wp\/v2\/posts\/2655\/revisions\/2657"}],"wp:featuredmedia":[{"embeddable":true,"href":"https:\/\/lagumex.mx\/index\/wp-json\/wp\/v2\/media\/2656"}],"wp:attachment":[{"href":"https:\/\/lagumex.mx\/index\/wp-json\/wp\/v2\/media?parent=2655"}],"wp:term":[{"taxonomy":"category","embeddable":true,"href":"https:\/\/lagumex.mx\/index\/wp-json\/wp\/v2\/categories?post=2655"},{"taxonomy":"post_tag","embeddable":true,"href":"https:\/\/lagumex.mx\/index\/wp-json\/wp\/v2\/tags?post=2655"}],"curies":[{"name":"wp","href":"https:\/\/api.w.org\/{rel}","templated":true}]}}