{"id":2649,"date":"2024-07-19T04:53:38","date_gmt":"2024-07-19T04:53:38","guid":{"rendered":"http:\/\/lagumex.mx\/index\/?p=2649"},"modified":"2024-07-23T04:54:47","modified_gmt":"2024-07-23T04:54:47","slug":"lerdo-se-consolida-en-la-atraccion-de-nuevas-empresas","status":"publish","type":"post","link":"https:\/\/lagumex.mx\/index\/lerdo\/lerdo-se-consolida-en-la-atraccion-de-nuevas-empresas\/","title":{"rendered":"Lerdo se consolida en la atracci\u00f3n de nuevas empresas"},"content":{"rendered":"\n<p>19 de julio de 2024.- Con una inversi\u00f3n privada superior a los 180 millones de pesos, el municipio de\u00a0<strong>Lerdo ha generado m\u00e1s de mil empleos con la apertura de la empresa coreana YURA<\/strong>, el supermercado La Esmeralda, y la pr\u00f3xima inauguraci\u00f3n de la tienda departamental Del Sol, as\u00ed lo dio a conocer el Presidente Municipal Homero Mart\u00ednez Cabrera.<\/p>\n\n\n\n<p>Catalog\u00f3 como un hecho hist\u00f3rico que en Lerdo se hayan generado este tipo de inversiones en un a\u00f1o, lo que se debe a la apertura del Gobierno Municipal hacia los inversionistas locales y a la coordinaci\u00f3n con el Gobierno del Estado para detonar el nearshoring y\u00a0<strong>atraer empresas extranjeras.<\/strong> l Alcalde Homero Mart\u00ednez, se\u00f1al\u00f3 que esta visi\u00f3n de crecimiento en inversiones es gracias al Gobernador del Estado, Esteban Villegas Villarreal, quien a trav\u00e9s de sus giras a pa\u00edses asi\u00e1ticos y Estados Unidos ha concretado la llegada de la empresa YURA y proyecta la llegada de\u00a0<strong>m\u00e1s empresas a La Laguna<\/strong>, espec\u00edficamente a la ciudad de Lerdo.<\/p>\n","protected":false},"excerpt":{"rendered":"<p>19 de julio de 2024.- Con una inversi\u00f3n privada superior a los 180 millones de pesos, el municipio de\u00a0Lerdo ha generado m\u00e1s de mil empleos con la apertura de la empresa coreana YURA, el supermercado La Esmeralda, y la pr\u00f3xima inauguraci\u00f3n de la tienda departamental Del Sol, as\u00ed lo dio a conocer el Presidente Municipal&#8230;<\/p>\n","protected":false},"author":1,"featured_media":2650,"comment_status":"open","ping_status":"open","sticky":false,"template":"","format":"standard","meta":{"footnotes":""},"categories":[3],"tags":[],"class_list":["post-2649","post","type-post","status-publish","format-standard","has-post-thumbnail","hentry","category-lerdo"],"_links":{"self":[{"href":"https:\/\/lagumex.mx\/index\/wp-json\/wp\/v2\/posts\/2649","targetHints":{"allow":["GET"]}}],"collection":[{"href":"https:\/\/lagumex.mx\/index\/wp-json\/wp\/v2\/posts"}],"about":[{"href":"https:\/\/lagumex.mx\/index\/wp-json\/wp\/v2\/types\/post"}],"author":[{"embeddable":true,"href":"https:\/\/lagumex.mx\/index\/wp-json\/wp\/v2\/users\/1"}],"replies":[{"embeddable":true,"href":"https:\/\/lagumex.mx\/index\/wp-json\/wp\/v2\/comments?post=2649"}],"version-history":[{"count":1,"href":"https:\/\/lagumex.mx\/index\/wp-json\/wp\/v2\/posts\/2649\/revisions"}],"predecessor-version":[{"id":2651,"href":"https:\/\/lagumex.mx\/index\/wp-json\/wp\/v2\/posts\/2649\/revisions\/2651"}],"wp:featuredmedia":[{"embeddable":true,"href":"https:\/\/lagumex.mx\/index\/wp-json\/wp\/v2\/media\/2650"}],"wp:attachment":[{"href":"https:\/\/lagumex.mx\/index\/wp-json\/wp\/v2\/media?parent=2649"}],"wp:term":[{"taxonomy":"category","embeddable":true,"href":"https:\/\/lagumex.mx\/index\/wp-json\/wp\/v2\/categories?post=2649"},{"taxonomy":"post_tag","embeddable":true,"href":"https:\/\/lagumex.mx\/index\/wp-json\/wp\/v2\/tags?post=2649"}],"curies":[{"name":"wp","href":"https:\/\/api.w.org\/{rel}","templated":true}]}}