{"id":2646,"date":"2024-07-20T04:52:10","date_gmt":"2024-07-20T04:52:10","guid":{"rendered":"http:\/\/lagumex.mx\/index\/?p=2646"},"modified":"2024-07-23T04:53:37","modified_gmt":"2024-07-23T04:53:37","slug":"tienda-del-sol-vendra-a-impulsar-la-economia-de-lerdo-homero-martinez","status":"publish","type":"post","link":"https:\/\/lagumex.mx\/index\/lerdo\/tienda-del-sol-vendra-a-impulsar-la-economia-de-lerdo-homero-martinez\/","title":{"rendered":"Tienda \u2018Del Sol\u2019 vendr\u00e1 a impulsar la econom\u00eda de Lerdo: Homero Mart\u00ednez"},"content":{"rendered":"\n<p>20 de julio de 2024.- Lerdo, Durango.- La llegada de<strong>\u00a0nuevas inversiones y generaci\u00f3n de fuentes de empleo<\/strong>\u00a0incide hasta en la prevenci\u00f3n del delito porque la ciudadan\u00eda cuenta con un ingreso seguro; as\u00ed lo dio a conocer el alcalde de Lerdo,\u00a0<strong>Homero Mart\u00ednez Cabrera.<\/strong><\/p>\n\n\n\n<p>\u201cCon una inversi\u00f3n privada superior a los 180 millones de pesos, el municipio de Lerdo ha generado m\u00e1s de mil empleos con la apertura de la\u00a0<strong>empresa coreana YURA<\/strong>, el supermercado\u00a0<strong>La Esmeralda<\/strong>, y la pr\u00f3xima inauguraci\u00f3n de la tienda departamental\u00a0<strong>Del Sol<\/strong>\u201d. <\/p>\n\n\n\n<p>En este mismo sentido, explic\u00f3 que aunque se generen uno o dos empleos hasta cantidades considerables todo suma y contribuye a que haya circulante entre la poblaci\u00f3n lo cual repercute en la paz y armon\u00eda de Lerdo.<\/p>\n\n\n\n<p>\u201cEs una cadena comercial la de&nbsp;<strong>Del Sol<\/strong>&nbsp;que yo considero que va a venir a darnos una plusval\u00eda aqu\u00ed al centro hist\u00f3rico de Lerdo, que la gente pueda venir aprovechar a sus compras, a un lado ah\u00ed se est\u00e1 previendo la construcci\u00f3n de una plaza comercial\u201d.<\/p>\n","protected":false},"excerpt":{"rendered":"<p>20 de julio de 2024.- Lerdo, Durango.- La llegada de\u00a0nuevas inversiones y generaci\u00f3n de fuentes de empleo\u00a0incide hasta en la prevenci\u00f3n del delito porque la ciudadan\u00eda cuenta con un ingreso seguro; as\u00ed lo dio a conocer el alcalde de Lerdo,\u00a0Homero Mart\u00ednez Cabrera. \u201cCon una inversi\u00f3n privada superior a los 180 millones de pesos, el municipio&#8230;<\/p>\n","protected":false},"author":1,"featured_media":2647,"comment_status":"open","ping_status":"open","sticky":false,"template":"","format":"standard","meta":{"footnotes":""},"categories":[3],"tags":[],"class_list":["post-2646","post","type-post","status-publish","format-standard","has-post-thumbnail","hentry","category-lerdo"],"_links":{"self":[{"href":"https:\/\/lagumex.mx\/index\/wp-json\/wp\/v2\/posts\/2646","targetHints":{"allow":["GET"]}}],"collection":[{"href":"https:\/\/lagumex.mx\/index\/wp-json\/wp\/v2\/posts"}],"about":[{"href":"https:\/\/lagumex.mx\/index\/wp-json\/wp\/v2\/types\/post"}],"author":[{"embeddable":true,"href":"https:\/\/lagumex.mx\/index\/wp-json\/wp\/v2\/users\/1"}],"replies":[{"embeddable":true,"href":"https:\/\/lagumex.mx\/index\/wp-json\/wp\/v2\/comments?post=2646"}],"version-history":[{"count":1,"href":"https:\/\/lagumex.mx\/index\/wp-json\/wp\/v2\/posts\/2646\/revisions"}],"predecessor-version":[{"id":2648,"href":"https:\/\/lagumex.mx\/index\/wp-json\/wp\/v2\/posts\/2646\/revisions\/2648"}],"wp:featuredmedia":[{"embeddable":true,"href":"https:\/\/lagumex.mx\/index\/wp-json\/wp\/v2\/media\/2647"}],"wp:attachment":[{"href":"https:\/\/lagumex.mx\/index\/wp-json\/wp\/v2\/media?parent=2646"}],"wp:term":[{"taxonomy":"category","embeddable":true,"href":"https:\/\/lagumex.mx\/index\/wp-json\/wp\/v2\/categories?post=2646"},{"taxonomy":"post_tag","embeddable":true,"href":"https:\/\/lagumex.mx\/index\/wp-json\/wp\/v2\/tags?post=2646"}],"curies":[{"name":"wp","href":"https:\/\/api.w.org\/{rel}","templated":true}]}}