{"id":2644,"date":"2024-07-21T04:51:06","date_gmt":"2024-07-21T04:51:06","guid":{"rendered":"http:\/\/lagumex.mx\/index\/?p=2644"},"modified":"2024-07-23T04:52:09","modified_gmt":"2024-07-23T04:52:09","slug":"inicio-periodo-vacacional-en-presidencia-de-lerdo","status":"publish","type":"post","link":"https:\/\/lagumex.mx\/index\/lerdo\/inicio-periodo-vacacional-en-presidencia-de-lerdo\/","title":{"rendered":"Inici\u00f3 periodo vacacional en presidencia de Lerdo"},"content":{"rendered":"\n<p>22 de julio de 2024.- A partir de este lunes 22 de Julio, el particular de la\u00a0<strong>Presidencia Municipal de Lerdo, Durango<\/strong>, laborar\u00e1 en un horario del 9 de la ma\u00f1ana a 2 de la tarde, hasta el pr\u00f3ximo viernes 2 de agosto, por\u00a0<strong>periodo vacacional<\/strong>.\u00a0<strong>Reanudando sus labores con normalidad el lunes 5 de agosto<\/strong>, de 8 de la ma\u00f1ana a 4 de la tarde. En cuanto a las dependencias de Protecci\u00f3n Civil, Bomberos, Seguridad P\u00fablica, Salud Municipal, Servicios P\u00fablicos, Prevenci\u00f3n Social, Tr\u00e1nsito y Vialidad, estas operar\u00e1n de manera normal al\u00a0<strong>servicio de los habitantes de Lerdo.<\/strong><\/p>\n\n\n\n<p>Cabe hacer menci\u00f3n que el personal administrativo<strong>&nbsp;continuar\u00e1 atendiendo a la ciudadan\u00eda mediante guardias<\/strong>, de lunes a viernes, brindando los servicios ya conocidos al interior del Palacio Municipal.<\/p>\n","protected":false},"excerpt":{"rendered":"<p>22 de julio de 2024.- A partir de este lunes 22 de Julio, el particular de la\u00a0Presidencia Municipal de Lerdo, Durango, laborar\u00e1 en un horario del 9 de la ma\u00f1ana a 2 de la tarde, hasta el pr\u00f3ximo viernes 2 de agosto, por\u00a0periodo vacacional.\u00a0Reanudando sus labores con normalidad el lunes 5 de agosto, de 8&#8230;<\/p>\n","protected":false},"author":1,"featured_media":0,"comment_status":"open","ping_status":"open","sticky":false,"template":"","format":"standard","meta":{"footnotes":""},"categories":[3],"tags":[],"class_list":["post-2644","post","type-post","status-publish","format-standard","hentry","category-lerdo"],"_links":{"self":[{"href":"https:\/\/lagumex.mx\/index\/wp-json\/wp\/v2\/posts\/2644","targetHints":{"allow":["GET"]}}],"collection":[{"href":"https:\/\/lagumex.mx\/index\/wp-json\/wp\/v2\/posts"}],"about":[{"href":"https:\/\/lagumex.mx\/index\/wp-json\/wp\/v2\/types\/post"}],"author":[{"embeddable":true,"href":"https:\/\/lagumex.mx\/index\/wp-json\/wp\/v2\/users\/1"}],"replies":[{"embeddable":true,"href":"https:\/\/lagumex.mx\/index\/wp-json\/wp\/v2\/comments?post=2644"}],"version-history":[{"count":1,"href":"https:\/\/lagumex.mx\/index\/wp-json\/wp\/v2\/posts\/2644\/revisions"}],"predecessor-version":[{"id":2645,"href":"https:\/\/lagumex.mx\/index\/wp-json\/wp\/v2\/posts\/2644\/revisions\/2645"}],"wp:attachment":[{"href":"https:\/\/lagumex.mx\/index\/wp-json\/wp\/v2\/media?parent=2644"}],"wp:term":[{"taxonomy":"category","embeddable":true,"href":"https:\/\/lagumex.mx\/index\/wp-json\/wp\/v2\/categories?post=2644"},{"taxonomy":"post_tag","embeddable":true,"href":"https:\/\/lagumex.mx\/index\/wp-json\/wp\/v2\/tags?post=2644"}],"curies":[{"name":"wp","href":"https:\/\/api.w.org\/{rel}","templated":true}]}}