{"id":2635,"date":"2024-07-22T04:38:29","date_gmt":"2024-07-22T04:38:29","guid":{"rendered":"http:\/\/lagumex.mx\/index\/?p=2635"},"modified":"2024-07-23T04:39:50","modified_gmt":"2024-07-23T04:39:50","slug":"con-esteban-las-obras-se-van-viendo-en-san-juan-del-rio-ahora-tendran-tambien-un-parque-remodelado","status":"publish","type":"post","link":"https:\/\/lagumex.mx\/index\/durango\/con-esteban-las-obras-se-van-viendo-en-san-juan-del-rio-ahora-tendran-tambien-un-parque-remodelado\/","title":{"rendered":"Con Esteban las obras se van viendo en San Juan del R\u00edo; ahora tendr\u00e1n tambi\u00e9n un parque remodelado"},"content":{"rendered":"\n<p>22 de  julio de 2024 ,<strong>San Juan del R\u00edo, Dgo.- <\/strong>Con la rehabilitaci\u00f3n del parque \u201cFrancisco Villa\u201d que lleva a cabo el Gobierno de Esteban en San Juan del Rio,\u00a0 grandes y peque\u00f1os contar\u00e1n con un espacio digno para poder disfrutar de actividades recreativas y los comercios tendr\u00e1n mejores ventas con la afluencia de personas, destacaron habitantes de esta localidad.<\/p>\n\n\n\n<p>Luego que el gobernador Esteban Villegas Villarreal realizara una gira de trabajo por este municipio para&nbsp; anunciar la realizaci\u00f3n de m\u00e1s obras y a su vez, supervisar el avance de la modernizaci\u00f3n de dicho parque, donde se construir\u00e1 una velar\u00eda, jardiner\u00eda, locales comerciales, instalaci\u00f3n el\u00e9ctrica, pisos de concreto y bardas, comerciantes de la zona dijeron sentirse felices, ya que esta rehabilitaci\u00f3n ser\u00e1 de mucho beneficio y le dar\u00e1 un nuevo rostro a este espacio.<\/p>\n\n\n\n<p>La se\u00f1ora Raquel Mart\u00ednez Villarreal, comerciante del parque, coment\u00f3 que esperan tener m\u00e1s ventas, ya que, con unas instalaciones bonitas, m\u00e1s familias visitar\u00e1n este lugar y pasar una tarde agradable.<\/p>\n\n\n\n<p>Cinthya Alvarado, quien tiene su puesto de comida en este espacio, consider\u00f3 que esta remodelaci\u00f3n era necesaria, para que quede m\u00e1s bonito y vengan las familias a disfrutar, \u201cel Gobernador en el tiempo que lleva, ha apoyado mucho al municipio con obras que vienen a beneficiar a las familias de esta zona\u201d, coment\u00f3.<\/p>\n\n\n\n<p>La se\u00f1ora Mar\u00eda Trinidad Morales Retana, mencion\u00f3 que es algo diferente que va a llamar mucho la atenci\u00f3n de los adultos y ni\u00f1os, adem\u00e1s, ser\u00e1 un centro recreativo&nbsp; que va a atraer m\u00e1s ventas para todos los comerciantes, adem\u00e1s que mejorar\u00e1 la imagen de la tierra que vio nacer a Francisco Villa, el caudillo de la Revoluci\u00f3n Mexicana.<\/p>\n\n\n\n<p>Esta obra lleva una inversi\u00f3n de 26 millones de pesos y comprende la construcci\u00f3n de una Velaria, jardiner\u00eda, locales comerciales, instalaci\u00f3n el\u00e9ctrica, pisos de concreto y bardas.<\/p>\n","protected":false},"excerpt":{"rendered":"<p>22 de julio de 2024 ,San Juan del R\u00edo, Dgo.- Con la rehabilitaci\u00f3n del parque \u201cFrancisco Villa\u201d que lleva a cabo el Gobierno de Esteban en San Juan del Rio,\u00a0 grandes y peque\u00f1os contar\u00e1n con un espacio digno para poder disfrutar de actividades recreativas y los comercios tendr\u00e1n mejores ventas con la afluencia de personas,&#8230;<\/p>\n","protected":false},"author":1,"featured_media":2636,"comment_status":"open","ping_status":"open","sticky":false,"template":"","format":"standard","meta":{"footnotes":""},"categories":[1],"tags":[],"class_list":["post-2635","post","type-post","status-publish","format-standard","has-post-thumbnail","hentry","category-durango"],"_links":{"self":[{"href":"https:\/\/lagumex.mx\/index\/wp-json\/wp\/v2\/posts\/2635","targetHints":{"allow":["GET"]}}],"collection":[{"href":"https:\/\/lagumex.mx\/index\/wp-json\/wp\/v2\/posts"}],"about":[{"href":"https:\/\/lagumex.mx\/index\/wp-json\/wp\/v2\/types\/post"}],"author":[{"embeddable":true,"href":"https:\/\/lagumex.mx\/index\/wp-json\/wp\/v2\/users\/1"}],"replies":[{"embeddable":true,"href":"https:\/\/lagumex.mx\/index\/wp-json\/wp\/v2\/comments?post=2635"}],"version-history":[{"count":1,"href":"https:\/\/lagumex.mx\/index\/wp-json\/wp\/v2\/posts\/2635\/revisions"}],"predecessor-version":[{"id":2637,"href":"https:\/\/lagumex.mx\/index\/wp-json\/wp\/v2\/posts\/2635\/revisions\/2637"}],"wp:featuredmedia":[{"embeddable":true,"href":"https:\/\/lagumex.mx\/index\/wp-json\/wp\/v2\/media\/2636"}],"wp:attachment":[{"href":"https:\/\/lagumex.mx\/index\/wp-json\/wp\/v2\/media?parent=2635"}],"wp:term":[{"taxonomy":"category","embeddable":true,"href":"https:\/\/lagumex.mx\/index\/wp-json\/wp\/v2\/categories?post=2635"},{"taxonomy":"post_tag","embeddable":true,"href":"https:\/\/lagumex.mx\/index\/wp-json\/wp\/v2\/tags?post=2635"}],"curies":[{"name":"wp","href":"https:\/\/api.w.org\/{rel}","templated":true}]}}