{"id":2626,"date":"2024-07-19T04:34:41","date_gmt":"2024-07-19T04:34:41","guid":{"rendered":"http:\/\/lagumex.mx\/index\/?p=2626"},"modified":"2024-07-23T04:36:06","modified_gmt":"2024-07-23T04:36:06","slug":"con-la-rueda-de-la-fortuna-mas-grande-de-latinoamerica-inauguran-esteban-y-marisol-feria-nacional-francisco-villa-2024","status":"publish","type":"post","link":"https:\/\/lagumex.mx\/index\/durango\/con-la-rueda-de-la-fortuna-mas-grande-de-latinoamerica-inauguran-esteban-y-marisol-feria-nacional-francisco-villa-2024\/","title":{"rendered":"Con la rueda de la fortuna m\u00e1s grande de Latinoam\u00e9rica, inauguran Esteban y Marisol Feria Nacional \u201cFrancisco Villa\u201d 2024"},"content":{"rendered":"\n<p>19 de julio de 2024.- Con la primera vuelta gratuita en la rueda de la fortuna m\u00f3vil m\u00e1s grande de Latinoam\u00e9rica y un despliegue de luces, m\u00fasica y nuevos atractivos, el gobernador Esteban Villegas Villarreal, junto con su esposa Marisol Rosso y el alcalde To\u00f1o Ochoa Rodr\u00edguez, inauguraron la Feria Nacional \u201cFrancisco Villa\u201d 2024, que cont\u00f3 con un escenario \u00fanico y la compa\u00f1\u00eda de las familias duranguenses que desde temprana hora se reunieron para disfrutar de los espect\u00e1culos preparados para este d\u00eda como el concierto del 90\u2019s Pop Tour.<\/p>\n\n\n\n<p>Para iniciar este gran festejo, el Mandatario inaugur\u00f3 la Expo Nacional Brangus Mexicana, donde comparti\u00f3 que a pesar de las adversidades, va creciendo la ganader\u00eda en la entidad; \u00abpor eso mantenemos nuestro estatus con el esfuerzo de todos, para poder vender a un mejor precio\u00bb, afirm\u00f3 al anunciar que vienen m\u00e1s sorpresas para productores y agricultores, adem\u00e1s de una mejor econom\u00eda, ya que Durango poco a poco se posiciona como&nbsp; el n\u00famero&nbsp; uno a nivel nacional en industria y competitividad.<\/p>\n\n\n\n<p>En esta inauguraci\u00f3n, el alcalde capitalino To\u00f1o Ochoa, destac\u00f3 el sello que le imprimen los duranguenses a esta fiesta tan esperada, ya que se respira unidad, gracias al trabajo del Ejecutivo Estatal; \u201cnos lleva a que Durango sea m\u00e1s pr\u00f3spero, que sea el norte m\u00e1s mexicano\u00bb, expres\u00f3.<\/p>\n\n\n\n<p>Esteban y Marisol, junto con las familias y visitantes, se dirigieron al \u00e1rea de juegos y con una vista espectacular, llena de colores, luces y diversos atractivos, presionaron el bot\u00f3n que ilumin\u00f3 alrededor de la rueda de la fortuna e inaugur\u00f3 esta feria con m\u00e1s de 110 actividades para el disfrute de todos, la cual, arranc\u00f3 con el magno concierto de los 90\u00b4s Pop Tour, que puso a bailar y cantar a chicos y grandes.&nbsp;<\/p>\n\n\n\n<p>Esta edici\u00f3n, ofrece un amplio programa&nbsp; de espect\u00e1culos, entretenimiento, cultural, deportivo y ganadero, adem\u00e1s de conservar costos accesibles como la entrada de 20 pesos, gratuita para adultos mayores, personas con discapacidad y ni\u00f1os menores de 1.1 metros, adem\u00e1s, el precio para el estacionamiento es de 30 pesos.<\/p>\n\n\n\n<p>Entre las actividades principales se destacan 17 conciertos en la Velaria, 3 macroconciertos en la Explanada de los Grandes y 12 en el Palenque.<\/p>\n\n\n\n<p>Habr\u00e1 11 eventos deportivos y 13 de ganader\u00eda. Tambi\u00e9n se presentar\u00e1n 17 artistas y grupos locales en la velaria. Adem\u00e1s, habr\u00e1 9 eventos ecuestres y podr\u00e1s disfrutar de la rueda de la fortuna m\u00f3vil m\u00e1s grande de Latinoam\u00e9rica, con 35 metros de altura.<\/p>\n\n\n\n<p>Finalmente, recalc\u00f3 que se contar\u00e1 con el hospital m\u00f3vil y ser\u00e1 una feria segura para todos, con c\u00e1maras de vigilancia al interior del recinto y estacionamientos, param\u00e9dicos en los puestos de mando y los traslados gratuitos&nbsp; para evitar aglomeraciones y todos puedan disfrutar al m\u00e1ximo de esta fiesta de los duranguenses.<\/p>\n","protected":false},"excerpt":{"rendered":"<p>19 de julio de 2024.- Con la primera vuelta gratuita en la rueda de la fortuna m\u00f3vil m\u00e1s grande de Latinoam\u00e9rica y un despliegue de luces, m\u00fasica y nuevos atractivos, el gobernador Esteban Villegas Villarreal, junto con su esposa Marisol Rosso y el alcalde To\u00f1o Ochoa Rodr\u00edguez, inauguraron la Feria Nacional \u201cFrancisco Villa\u201d 2024, que&#8230;<\/p>\n","protected":false},"author":1,"featured_media":2627,"comment_status":"open","ping_status":"open","sticky":false,"template":"","format":"standard","meta":{"footnotes":""},"categories":[1],"tags":[],"class_list":["post-2626","post","type-post","status-publish","format-standard","has-post-thumbnail","hentry","category-durango"],"_links":{"self":[{"href":"https:\/\/lagumex.mx\/index\/wp-json\/wp\/v2\/posts\/2626","targetHints":{"allow":["GET"]}}],"collection":[{"href":"https:\/\/lagumex.mx\/index\/wp-json\/wp\/v2\/posts"}],"about":[{"href":"https:\/\/lagumex.mx\/index\/wp-json\/wp\/v2\/types\/post"}],"author":[{"embeddable":true,"href":"https:\/\/lagumex.mx\/index\/wp-json\/wp\/v2\/users\/1"}],"replies":[{"embeddable":true,"href":"https:\/\/lagumex.mx\/index\/wp-json\/wp\/v2\/comments?post=2626"}],"version-history":[{"count":1,"href":"https:\/\/lagumex.mx\/index\/wp-json\/wp\/v2\/posts\/2626\/revisions"}],"predecessor-version":[{"id":2628,"href":"https:\/\/lagumex.mx\/index\/wp-json\/wp\/v2\/posts\/2626\/revisions\/2628"}],"wp:featuredmedia":[{"embeddable":true,"href":"https:\/\/lagumex.mx\/index\/wp-json\/wp\/v2\/media\/2627"}],"wp:attachment":[{"href":"https:\/\/lagumex.mx\/index\/wp-json\/wp\/v2\/media?parent=2626"}],"wp:term":[{"taxonomy":"category","embeddable":true,"href":"https:\/\/lagumex.mx\/index\/wp-json\/wp\/v2\/categories?post=2626"},{"taxonomy":"post_tag","embeddable":true,"href":"https:\/\/lagumex.mx\/index\/wp-json\/wp\/v2\/tags?post=2626"}],"curies":[{"name":"wp","href":"https:\/\/api.w.org\/{rel}","templated":true}]}}