{"id":2623,"date":"2024-07-18T04:33:37","date_gmt":"2024-07-18T04:33:37","guid":{"rendered":"http:\/\/lagumex.mx\/index\/?p=2623"},"modified":"2024-07-23T04:34:40","modified_gmt":"2024-07-23T04:34:40","slug":"continua-esteban-con-la-entrega-de-semilla-de-avena-ahora-en-san-juan-del-rio-y-panuco-de-coronado","status":"publish","type":"post","link":"https:\/\/lagumex.mx\/index\/durango\/continua-esteban-con-la-entrega-de-semilla-de-avena-ahora-en-san-juan-del-rio-y-panuco-de-coronado\/","title":{"rendered":"Contin\u00faa Esteban con la entrega de semilla de avena; ahora en San Juan del R\u00edo y P\u00e1nuco de Coronado"},"content":{"rendered":"\n<p>18 de julio de 2024.- <strong>San Juan del R\u00edo, Dgo.-<\/strong> En el Gobierno del Estado, nos pusimos a jalar con tiempo, sab\u00edamos que llegar\u00eda la sequ\u00eda, por eso estamos entregando m\u00e1s de 5 mil toneladas de semilla de avena para toda la entidad, manifest\u00f3 el gobernador Esteban Villegas Villarreal, a productores de San Juan del R\u00edo y P\u00e1nuco de Coronado.<\/p>\n\n\n\n<p>En la gira de trabajo por este municipio, el Mandatario Estatal refrend\u00f3 que, la entrega de este grano, es parte del trabajo que se realiza para que a la gente del campo le vaya bien.<\/p>\n\n\n\n<p>Durante el acto de entrega del apoyo para ganaderos y campesinos de los municipios de San Juan del R\u00edo y P\u00e1nuco de Coronado, el Gobernador inform\u00f3 a los productores que, se lleva el apoyo a todo el estado para que puedan aprovechar las lluvias que est\u00e1n llegando a la entidad.<\/p>\n\n\n\n<p>\u201cVienen buenos proyectos para Durango y en especial para los campesinos con el fin de fortalecer la agricultura y ganader\u00eda de la entidad, para que las producciones que se tengan de fruta, verdura, frijol, entre otros, se puedan vender a un buen precio\u201d, dijo tras anunciar un nuevo programa que se pondr\u00e1 en marcha en octubre, para apoyar a al ganado a fin que sea de buena calidad y se mejore su gen\u00e9tica.<\/p>\n\n\n\n<p>Al recibir la semilla de avena junto a m\u00e1s productores, el se\u00f1or Abel Mart\u00ednez, beneficiario de este programa, agradeci\u00f3 el compromiso del Mandatario Estatal y destac\u00f3 que San Juan del R\u00edo tienen un Gobernador de casa, \u201csolo el que no ve, no reconoce todo lo que ha hecho Esteban Villegas, por el estado de Durango; hoy con esta entrega nos sentimos orgullosos con su trabajo, hay que reconocer que se nos han entregado los apoyos a tiempo, antes hab\u00eda muchos inconvenientes y sabemos el compromiso que tiene con los productores ya qu\u00e9 lleg\u00f3 a rescatar su palabra que un d\u00eda empe\u00f1o es por eso que, este a\u00f1o es de mucho beneficio para San Juan del R\u00edo\u00bb, destac\u00f3.<\/p>\n\n\n\n<p>El titular de la Secretar\u00eda de Agricultura, Ganader\u00eda y Desarrollo Rural (SAGDR), Jes\u00fas L\u00f3pez Morales, puntualiz\u00f3 que estas entregas se realizan gracias al impulso del Gobernador, y que el apoyo de 170 toneladas de semilla de avena para San Juan del R\u00edo y<\/p>\n\n\n\n<p>80 toneladas para P\u00e1nuco de Coronado, representan una inversi\u00f3n de m\u00e1s de 6 millones de pesos, este es un programa que viene a mitigar los estragos de la sequ\u00eda y a ayudar a los campesinos que m\u00e1s lo necesitan.<\/p>\n\n\n\n<p>Por su parte, el alcalde Jos\u00e9 Manuel Gallegos Rangel, reconoci\u00f3 el apoyo que se ha tenido en San Juan del R\u00edo por parte del Gobernador, ya que han llegado obras a localidades de este municipio, as\u00ed como las entregas de semilla de frijol y ahora semilla de avena, que vienen a beneficiar a los productores.<\/p>\n\n\n\n<p>El presidente municipal de P\u00e1nuco de Coronado, Rogelio Flores Guerrero, resalt\u00f3 que, es un d\u00eda importante para las comunidades agr\u00edcolas, gracias al trabajo del Gobernador, quien no ve colores en los municipios, y que la semilla que se est\u00e1 entregando en el momento justo para que los productores puedan aprovechar las lluvias, \u00abel apoyo es una muestra de solidaridad, agradezco, al gobernador por atender las demandas de los campesinos para que puedan salir adelante\u00bb, finaliz\u00f3.<\/p>\n","protected":false},"excerpt":{"rendered":"<p>18 de julio de 2024.- San Juan del R\u00edo, Dgo.- En el Gobierno del Estado, nos pusimos a jalar con tiempo, sab\u00edamos que llegar\u00eda la sequ\u00eda, por eso estamos entregando m\u00e1s de 5 mil toneladas de semilla de avena para toda la entidad, manifest\u00f3 el gobernador Esteban Villegas Villarreal, a productores de San Juan del&#8230;<\/p>\n","protected":false},"author":1,"featured_media":2624,"comment_status":"open","ping_status":"open","sticky":false,"template":"","format":"standard","meta":{"footnotes":""},"categories":[1],"tags":[],"class_list":["post-2623","post","type-post","status-publish","format-standard","has-post-thumbnail","hentry","category-durango"],"_links":{"self":[{"href":"https:\/\/lagumex.mx\/index\/wp-json\/wp\/v2\/posts\/2623","targetHints":{"allow":["GET"]}}],"collection":[{"href":"https:\/\/lagumex.mx\/index\/wp-json\/wp\/v2\/posts"}],"about":[{"href":"https:\/\/lagumex.mx\/index\/wp-json\/wp\/v2\/types\/post"}],"author":[{"embeddable":true,"href":"https:\/\/lagumex.mx\/index\/wp-json\/wp\/v2\/users\/1"}],"replies":[{"embeddable":true,"href":"https:\/\/lagumex.mx\/index\/wp-json\/wp\/v2\/comments?post=2623"}],"version-history":[{"count":1,"href":"https:\/\/lagumex.mx\/index\/wp-json\/wp\/v2\/posts\/2623\/revisions"}],"predecessor-version":[{"id":2625,"href":"https:\/\/lagumex.mx\/index\/wp-json\/wp\/v2\/posts\/2623\/revisions\/2625"}],"wp:featuredmedia":[{"embeddable":true,"href":"https:\/\/lagumex.mx\/index\/wp-json\/wp\/v2\/media\/2624"}],"wp:attachment":[{"href":"https:\/\/lagumex.mx\/index\/wp-json\/wp\/v2\/media?parent=2623"}],"wp:term":[{"taxonomy":"category","embeddable":true,"href":"https:\/\/lagumex.mx\/index\/wp-json\/wp\/v2\/categories?post=2623"},{"taxonomy":"post_tag","embeddable":true,"href":"https:\/\/lagumex.mx\/index\/wp-json\/wp\/v2\/tags?post=2623"}],"curies":[{"name":"wp","href":"https:\/\/api.w.org\/{rel}","templated":true}]}}