{"id":2620,"date":"2024-07-17T04:32:16","date_gmt":"2024-07-17T04:32:16","guid":{"rendered":"http:\/\/lagumex.mx\/index\/?p=2620"},"modified":"2024-07-23T04:33:35","modified_gmt":"2024-07-23T04:33:35","slug":"lista-la-feria-nacional-francisco-villa-2024-contara-con-hospital-movil-y-rueda-de-la-fortuna-mas-grande-de-latinoamerica","status":"publish","type":"post","link":"https:\/\/lagumex.mx\/index\/durango\/lista-la-feria-nacional-francisco-villa-2024-contara-con-hospital-movil-y-rueda-de-la-fortuna-mas-grande-de-latinoamerica\/","title":{"rendered":"Lista la Feria Nacional \u201cFrancisco Villa\u201d 2024; contar\u00e1 con hospital m\u00f3vil y rueda de la fortuna m\u00e1s grande de Latinoam\u00e9rica"},"content":{"rendered":"\n<p>17 de julio de 2024.- La Feria Nacional \u201cFrancisco Villa\u201d 2024, ser\u00e1 la \u00fanica en todo el pa\u00eds que tendr\u00e1 un hospital m\u00f3vil dentro de sus instalaciones, completamente equipado para el servicio de todos los asistentes y de manera gratuita, dio a conocer el gobernador Esteban Villegas Villarreal, ante medios de comunicaci\u00f3n, donde comparti\u00f3 que la inauguraci\u00f3n ser\u00e1 este viernes 19 de julio, al lado de la rueda de la fortuna m\u00e1s grande de Latinoam\u00e9rica.<\/p>\n\n\n\n<p>El Ejecutivo Estatal dio a conocer que, esta gran fiesta de los duranguenses, promete ser un evento espectacular, lleno de opciones de entretenimiento y diversi\u00f3n para toda la familia, con m\u00e1s de 110 actividades, y un programa variado en lo cultural, deportivo y ganadero.<\/p>\n\n\n\n<p>Record\u00f3 que la entrada ser\u00e1 gratuita para los adultos mayores, personas con discapacidad y ni\u00f1os que midan menos de un metro, \u201ctodos los d\u00edas podr\u00e1n entrar sin ning\u00fan costo\u201d, resalt\u00f3.<\/p>\n\n\n\n<p>\u201cVamos a tener el hospital m\u00f3vil, los quir\u00f3fanos, consultorios, la parte dental, laboratorio y rayos X, por si se requiere hacer cirug\u00eda lo podemos hacer aqu\u00ed en las instalaciones; es la primera vez que lo hace un estado, ojal\u00e1 que no lo usemos, pero vamos a estar preparados por si se requiere\u201d, agreg\u00f3.<\/p>\n\n\n\n<p>Referente a las nuevas atracciones, dijo que se contar\u00e1 con la rueda de la fortuna m\u00e1s grande de Latinoam\u00e9rica, como muchas sorpresas m\u00e1s para toda la familia, como los espect\u00e1culos gratuitos, desde conciertos, un circo, torneos deportivos, exposiciones y actividades culturales.<\/p>\n\n\n\n<p>Se contar\u00e1 con todas las medidas de seguridad, de prevenci\u00f3n, como de 62 c\u00e1maras de vigilancia, y Centros de Comando, unas de ellas itinerantes para vigilar cada rinc\u00f3n del recinto ferial.<\/p>\n\n\n\n<p>Sobre dichos preparativos, el titular de Ferias, Espect\u00e1culos y Paseos Tur\u00edsticos, Lauro Arce Gallegos, confirm\u00f3 estar listos, con todas las medidas sanitarias, de seguridad y protecci\u00f3n para que las familias de Durango y de fuera del estado, disfruten de esta fiesta duranguense.<\/p>\n\n\n\n<p>\u201cLos comerciantes y empresarios ya se instalaron en su mayor\u00eda, los juegos mec\u00e1nicos ya est\u00e1n a un 80 por ciento,&nbsp; Protecci\u00f3n Civil ya ha hecho lo propio con esta rueda de la fortuna m\u00e1s grande de Latinoam\u00e9rica, son casi 40 metros de di\u00e1metro, hubo especial atenci\u00f3n para la parte de la instalaci\u00f3n y que el piso estuviera firme para evitar alg\u00fan problema; en la Expo Ganadera igual,&nbsp; va a llegar el ganado para la Expo Brangus el pr\u00f3ximo viernes; el Lienzo Charro ya est\u00e1 al 100; como nunca va a ver espect\u00e1culos ecuestres con equipos nacionales de gran renombre\u201d, detall\u00f3.<\/p>\n\n\n\n<p>As\u00ed fue como el Gobernador, acompa\u00f1ado con una parte de los integrantes de su Gabinete Estatal, dieron a conocer los diversos trabajos de remodelaci\u00f3n de todos los espacios, desde rehabilitaci\u00f3n de \u00e1reas verdes, alumbrado, sistema de drenaje, entre otros, a fin de que los duranguenses y visitantes puedan vivir una Feria segura en un recinto remozado y rehabilitado.<\/p>\n","protected":false},"excerpt":{"rendered":"<p>17 de julio de 2024.- La Feria Nacional \u201cFrancisco Villa\u201d 2024, ser\u00e1 la \u00fanica en todo el pa\u00eds que tendr\u00e1 un hospital m\u00f3vil dentro de sus instalaciones, completamente equipado para el servicio de todos los asistentes y de manera gratuita, dio a conocer el gobernador Esteban Villegas Villarreal, ante medios de comunicaci\u00f3n, donde comparti\u00f3 que&#8230;<\/p>\n","protected":false},"author":1,"featured_media":2621,"comment_status":"open","ping_status":"open","sticky":false,"template":"","format":"standard","meta":{"footnotes":""},"categories":[1],"tags":[],"class_list":["post-2620","post","type-post","status-publish","format-standard","has-post-thumbnail","hentry","category-durango"],"_links":{"self":[{"href":"https:\/\/lagumex.mx\/index\/wp-json\/wp\/v2\/posts\/2620","targetHints":{"allow":["GET"]}}],"collection":[{"href":"https:\/\/lagumex.mx\/index\/wp-json\/wp\/v2\/posts"}],"about":[{"href":"https:\/\/lagumex.mx\/index\/wp-json\/wp\/v2\/types\/post"}],"author":[{"embeddable":true,"href":"https:\/\/lagumex.mx\/index\/wp-json\/wp\/v2\/users\/1"}],"replies":[{"embeddable":true,"href":"https:\/\/lagumex.mx\/index\/wp-json\/wp\/v2\/comments?post=2620"}],"version-history":[{"count":1,"href":"https:\/\/lagumex.mx\/index\/wp-json\/wp\/v2\/posts\/2620\/revisions"}],"predecessor-version":[{"id":2622,"href":"https:\/\/lagumex.mx\/index\/wp-json\/wp\/v2\/posts\/2620\/revisions\/2622"}],"wp:featuredmedia":[{"embeddable":true,"href":"https:\/\/lagumex.mx\/index\/wp-json\/wp\/v2\/media\/2621"}],"wp:attachment":[{"href":"https:\/\/lagumex.mx\/index\/wp-json\/wp\/v2\/media?parent=2620"}],"wp:term":[{"taxonomy":"category","embeddable":true,"href":"https:\/\/lagumex.mx\/index\/wp-json\/wp\/v2\/categories?post=2620"},{"taxonomy":"post_tag","embeddable":true,"href":"https:\/\/lagumex.mx\/index\/wp-json\/wp\/v2\/tags?post=2620"}],"curies":[{"name":"wp","href":"https:\/\/api.w.org\/{rel}","templated":true}]}}