{"id":2614,"date":"2024-07-15T04:29:56","date_gmt":"2024-07-15T04:29:56","guid":{"rendered":"http:\/\/lagumex.mx\/index\/?p=2614"},"modified":"2024-07-23T04:31:00","modified_gmt":"2024-07-23T04:31:00","slug":"marisol-y-esteban-les-regalan-espacios-dignos-a-ninos-de-casa-hogar-dif","status":"publish","type":"post","link":"https:\/\/lagumex.mx\/index\/durango\/marisol-y-esteban-les-regalan-espacios-dignos-a-ninos-de-casa-hogar-dif\/","title":{"rendered":"Marisol y Esteban les regalan espacios dignos a ni\u00f1os de Casa Hogar DIF"},"content":{"rendered":"\n<p>15 de julio de 2024.- Ahora habr\u00e1 vida, colores y luz para ni\u00f1as, ni\u00f1os y adolescentes de este lugar.<\/p>\n\n\n\n<p>Despu\u00e9s de 20 a\u00f1os, el \u00c1rea Especial de Casa Hogar se convierte en un mundo de magia, colores y luz, donde los ni\u00f1os, ni\u00f1as y&nbsp; adolescentes que no tienen una familia y requieren atenci\u00f3n especializada, recibir\u00e1n cuidado digno y de calidad con el equipo necesario.<\/p>\n\n\n\n<p>As\u00ed lo dejaron en claro la presidenta del DIF Estatal, Marisol Rosso Rivera y&nbsp; gobernador Esteban Villegas Villarreal al inaugurar este espacio donde los sue\u00f1os de quienes habitan Casa Hogar se har\u00e1n realidad.&nbsp;<\/p>\n\n\n\n<p>Entre l\u00e1grimas y sentimientos encontrados, el Mandatario Estatal dijo que, para que los peque\u00f1os y j\u00f3venes tengan una vida digna e instalaciones seguras,&nbsp; se cambiaron las instalaciones y ahora, es como un mini hospital, que facilitar\u00e1 las labores para las \u201cmamitas cuidadoras\u201d y al personal del DIF, que est\u00e1n pendientes las 24 horas y realizan las actividades diarias como el ba\u00f1arlos, ya que se cuenta con una gr\u00faa, tina de hidromasaje, entre otros aparatos.<\/p>\n\n\n\n<p>&nbsp;\u201cVale la pena realizar estas remodelaciones que brindan mejor atenci\u00f3n a quien m\u00e1s lo necesita\u201d, apunt\u00f3 luego de detallar que en esta remodelaci\u00f3n se invirtieron m\u00e1s de dos millones de pesos en materia de equipamiento y&nbsp; salud;&nbsp; equipo con un unidad b\u00e1sica de rehabilitaci\u00f3n completa, una ludoteca, as\u00ed como pintura, impermeabilizante, l\u00e1mparas, persianas, tina de hidromasaje, recubrimientos; muebles sanitarios, carpinter\u00eda, instalaci\u00f3n el\u00e9ctrica, minisplit, bodega para gases y accesorios; compresor de aire, camas el\u00e9ctricas, camas manuales y una gr\u00faa transportadora a\u00e9rea.<\/p>\n\n\n\n<p>Villegas Villareal, reconoci\u00f3 el trabajo de la se\u00f1ora Marisol y del personal del Casa Hogar, quienes entregan su tiempo para cuidar a los ni\u00f1os que no se pueden valer por s\u00ed mismos;&nbsp; \u201ca quien tiene un ni\u00f1o con discapacidad, le cambia la vida a \u00e9l y a toda la familia, por eso, en DIF Estatal,&nbsp; se trabaja para transformarles el d\u00eda a d\u00eda y que tengan las fuerza para salir adelante\u201d, expres\u00f3.<\/p>\n\n\n\n<p>En un emotivo video se mostr\u00f3 el trabajo que realizan las \u201cmam\u00e1s cuidadoras\u201d dentro de este espacio, momento que aprovech\u00f3 la presidenta de DIF estatal, Marisol Rosso, para agradecer&nbsp; a cada una de ellas por su empat\u00eda, amor y paciencia que entregan a diario para cuidar a los ni\u00f1os que requieren atenci\u00f3n especial y que pertenecen a Casa Hogar.<\/p>\n\n\n\n<p>\u201cHace dos a\u00f1os, cuando empezamos a dar los recorridos, nos dimos a la tarea de conocer cada rinc\u00f3n, y Casa Hogar, es un mundo m\u00e1gico, donde vuelves a ser ni\u00f1o, entras a otra dimensi\u00f3n, donde la magia y los milagros ocurren, y jam\u00e1s se hab\u00edan volteado a ver esta \u00e1rea especial, es por eso que con el apoyo del gobernador Esteban Villegas, nos dimos a la tarea de realizar una remodelaci\u00f3n completa\u201d, detall\u00f3.<\/p>\n\n\n\n<p>\u201cCuando visitamos este lugar, nos llevamos mucha alegr\u00eda de cada uno; al bailar, jugar, cantar y tomarse fotos con ellos y por eso, merec\u00edan esta remodelaci\u00f3n de un \u00e1rea que era gris y seca\u201d, agreg\u00f3.<\/p>\n\n\n\n<p>La procuradora de protecci\u00f3n de Ni\u00f1as, Ni\u00f1os y Adolescentes del Sistema DIF Estatal Durango, Laura Cecilia Rodr\u00edguez Franco, agradeci\u00f3 y reconoci\u00f3 a Esteban y Marisol por el gran apoyo para Casa Hogar y las necesidades de los ni\u00f1os;&nbsp; \u201chace 20 a\u00f1os, naci\u00f3 este espacio y nunca hab\u00eda recibido remodelaci\u00f3n o atenci\u00f3n que permitiera brindar mejores cuidados a los peque\u00f1os que ah\u00ed se encuentran, ahora ustedes le dan un rostro humano, de calidad y calidez a esta \u00e1rea especial\u201d, consider\u00f3.<\/p>\n","protected":false},"excerpt":{"rendered":"<p>15 de julio de 2024.- Ahora habr\u00e1 vida, colores y luz para ni\u00f1as, ni\u00f1os y adolescentes de este lugar. Despu\u00e9s de 20 a\u00f1os, el \u00c1rea Especial de Casa Hogar se convierte en un mundo de magia, colores y luz, donde los ni\u00f1os, ni\u00f1as y&nbsp; adolescentes que no tienen una familia y requieren atenci\u00f3n especializada, recibir\u00e1n&#8230;<\/p>\n","protected":false},"author":1,"featured_media":2615,"comment_status":"open","ping_status":"open","sticky":false,"template":"","format":"standard","meta":{"footnotes":""},"categories":[1],"tags":[],"class_list":["post-2614","post","type-post","status-publish","format-standard","has-post-thumbnail","hentry","category-durango"],"_links":{"self":[{"href":"https:\/\/lagumex.mx\/index\/wp-json\/wp\/v2\/posts\/2614","targetHints":{"allow":["GET"]}}],"collection":[{"href":"https:\/\/lagumex.mx\/index\/wp-json\/wp\/v2\/posts"}],"about":[{"href":"https:\/\/lagumex.mx\/index\/wp-json\/wp\/v2\/types\/post"}],"author":[{"embeddable":true,"href":"https:\/\/lagumex.mx\/index\/wp-json\/wp\/v2\/users\/1"}],"replies":[{"embeddable":true,"href":"https:\/\/lagumex.mx\/index\/wp-json\/wp\/v2\/comments?post=2614"}],"version-history":[{"count":1,"href":"https:\/\/lagumex.mx\/index\/wp-json\/wp\/v2\/posts\/2614\/revisions"}],"predecessor-version":[{"id":2616,"href":"https:\/\/lagumex.mx\/index\/wp-json\/wp\/v2\/posts\/2614\/revisions\/2616"}],"wp:featuredmedia":[{"embeddable":true,"href":"https:\/\/lagumex.mx\/index\/wp-json\/wp\/v2\/media\/2615"}],"wp:attachment":[{"href":"https:\/\/lagumex.mx\/index\/wp-json\/wp\/v2\/media?parent=2614"}],"wp:term":[{"taxonomy":"category","embeddable":true,"href":"https:\/\/lagumex.mx\/index\/wp-json\/wp\/v2\/categories?post=2614"},{"taxonomy":"post_tag","embeddable":true,"href":"https:\/\/lagumex.mx\/index\/wp-json\/wp\/v2\/tags?post=2614"}],"curies":[{"name":"wp","href":"https:\/\/api.w.org\/{rel}","templated":true}]}}