{"id":2611,"date":"2024-07-14T04:27:38","date_gmt":"2024-07-14T04:27:38","guid":{"rendered":"http:\/\/lagumex.mx\/index\/?p=2611"},"modified":"2024-07-23T04:29:04","modified_gmt":"2024-07-23T04:29:04","slug":"en-durango-con-el-gobernador-esteban-hay-un-gran-apoyo-e-incentivo-a-la-cultura-alejandra-frausto","status":"publish","type":"post","link":"https:\/\/lagumex.mx\/index\/durango\/en-durango-con-el-gobernador-esteban-hay-un-gran-apoyo-e-incentivo-a-la-cultura-alejandra-frausto\/","title":{"rendered":"En Durango, con el gobernador Esteban, hay un gran apoyo e incentivo a la cultura: Alejandra Frausto"},"content":{"rendered":"\n<p>14 de julio de 2024.- Estas actividades son herramientas poderosas en la prevenci\u00f3n de adicciones y en el cuidado de la salud mental: Francisco Javier P\u00e9rez Meza, director del ICED.<\/p>\n\n\n\n<p>En su reciente visita a Durango, la secretaria de Cultura del Gobierno de M\u00e9xico, Alejandra Frausto Guerrero, reconoci\u00f3 el apoyo e incentivo que los ni\u00f1os, ni\u00f1as y adolescentes reciben para el desarrollo de su talento en el arte y la cultura, gracias a su gobernador Esteban Villegas, esto al poner en marcha el programa \u201cTengo un Sue\u00f1o 2024\u201d, donde constat\u00f3 el trabajo que realizan los Semilleros Creativos en las diversas disciplinas como el cine, poes\u00eda, teatro, m\u00fasica y m\u00e1s.<\/p>\n\n\n\n<p>&nbsp;\u201cGracias a todo el equipo del gobernador, amigo y artista Esteban Villegas Villarreal, por todo el apoyo para llevar a cabo en esta bella tierra dicho programa\u201d,&nbsp; expres\u00f3 la funcionaria federal durante la presentaci\u00f3n en el teatro Ricardo Castro, de este movimiento cultural, organizado por la Secretar\u00eda de Cultura, a trav\u00e9s del programa Cultura Comunitaria, en colaboraci\u00f3n con el Gobierno de Durango y sus municipios.&nbsp;<\/p>\n\n\n\n<p>Reconoci\u00f3 que este movimiento, no es s\u00f3lo un programa, sino que los Semilleros Creativos tienen claridad para compartir lo que significa el arte en las vidas de cada uno de sus integrantes; \u201cen esta comunidad puedes ser quien tu eres, sin juicios, sin discriminaci\u00f3n, las personas son aceptadas tal como son, adem\u00e1s se desarrolla ampliamente la consciencia, estas semillas se dedican al arte, a transformar la vida, a hacerla arm\u00f3nica y bella\u201d, dijo.<\/p>\n\n\n\n<p>El director del Instituto de Cultura del Estado (ICED), Francisco Javier P\u00e9rez Meza, asegur\u00f3 que Durango tienen un amigo Gobernador de palabra, hechos y resultados; refrend\u00f3 que, esta Administraci\u00f3n tiene un gran compromiso con el arte y mencion\u00f3 que el talento de Semilleros, adem\u00e1s de enriquecer a la comunidad, tambi\u00e9n refuerzan la identidad cultural e incentivan la inclusi\u00f3n social, ya que buscan promover el desarrollo integral de ni\u00f1os y j\u00f3venes a trav\u00e9s del cine, m\u00fasica, teatro, literatura, pintura, fotograf\u00eda, poes\u00eda y danza.<\/p>\n\n\n\n<p>\u201cNos llena de orgullo y esperanza por el futuro, sigamos acercando el arte y la cultura a todos los rincones de estado para que cada ni\u00f1o, ni\u00f1a y adolecente, tenga el poder de cambiar su propia vida y la de los dem\u00e1s; para ofrecer herramientas poderosas en la prevenci\u00f3n de adicciones y en el cuidado de la salud mental; tambi\u00e9n para que se genere empleo y contribuya al desarrollo econ\u00f3mico y social de todo Durango\u201d, agreg\u00f3 el director del ICED.<\/p>\n","protected":false},"excerpt":{"rendered":"<p>14 de julio de 2024.- Estas actividades son herramientas poderosas en la prevenci\u00f3n de adicciones y en el cuidado de la salud mental: Francisco Javier P\u00e9rez Meza, director del ICED. En su reciente visita a Durango, la secretaria de Cultura del Gobierno de M\u00e9xico, Alejandra Frausto Guerrero, reconoci\u00f3 el apoyo e incentivo que los ni\u00f1os,&#8230;<\/p>\n","protected":false},"author":1,"featured_media":2612,"comment_status":"open","ping_status":"open","sticky":false,"template":"","format":"standard","meta":{"footnotes":""},"categories":[1],"tags":[],"class_list":["post-2611","post","type-post","status-publish","format-standard","has-post-thumbnail","hentry","category-durango"],"_links":{"self":[{"href":"https:\/\/lagumex.mx\/index\/wp-json\/wp\/v2\/posts\/2611","targetHints":{"allow":["GET"]}}],"collection":[{"href":"https:\/\/lagumex.mx\/index\/wp-json\/wp\/v2\/posts"}],"about":[{"href":"https:\/\/lagumex.mx\/index\/wp-json\/wp\/v2\/types\/post"}],"author":[{"embeddable":true,"href":"https:\/\/lagumex.mx\/index\/wp-json\/wp\/v2\/users\/1"}],"replies":[{"embeddable":true,"href":"https:\/\/lagumex.mx\/index\/wp-json\/wp\/v2\/comments?post=2611"}],"version-history":[{"count":1,"href":"https:\/\/lagumex.mx\/index\/wp-json\/wp\/v2\/posts\/2611\/revisions"}],"predecessor-version":[{"id":2613,"href":"https:\/\/lagumex.mx\/index\/wp-json\/wp\/v2\/posts\/2611\/revisions\/2613"}],"wp:featuredmedia":[{"embeddable":true,"href":"https:\/\/lagumex.mx\/index\/wp-json\/wp\/v2\/media\/2612"}],"wp:attachment":[{"href":"https:\/\/lagumex.mx\/index\/wp-json\/wp\/v2\/media?parent=2611"}],"wp:term":[{"taxonomy":"category","embeddable":true,"href":"https:\/\/lagumex.mx\/index\/wp-json\/wp\/v2\/categories?post=2611"},{"taxonomy":"post_tag","embeddable":true,"href":"https:\/\/lagumex.mx\/index\/wp-json\/wp\/v2\/tags?post=2611"}],"curies":[{"name":"wp","href":"https:\/\/api.w.org\/{rel}","templated":true}]}}