{"id":2608,"date":"2024-07-13T04:26:25","date_gmt":"2024-07-13T04:26:25","guid":{"rendered":"http:\/\/lagumex.mx\/index\/?p=2608"},"modified":"2024-07-23T04:27:37","modified_gmt":"2024-07-23T04:27:37","slug":"impulsa-esteban-economia-de-las-familias-del-campo-ahora-lleva-semilla-de-avena-forrajera-y-frijol-a-poanas-nombre-de-dios-suchil-y-vicente-guerrero","status":"publish","type":"post","link":"https:\/\/lagumex.mx\/index\/durango\/impulsa-esteban-economia-de-las-familias-del-campo-ahora-lleva-semilla-de-avena-forrajera-y-frijol-a-poanas-nombre-de-dios-suchil-y-vicente-guerrero\/","title":{"rendered":"Impulsa Esteban econom\u00eda de las familias del campo; ahora lleva semilla de avena forrajera y frijol a Poanas, Nombre de Dios, S\u00fachil y Vicente Guerrero"},"content":{"rendered":"\n<p>13 de julio de 2024.- \u00abSolos no hubi\u00e9ramos podido\u00bb; alcaldes de la regi\u00f3n resaltan el trabajo de Villegas Villarreal en todos los municipios con obras y acciones.<\/p>\n\n\n\n<p>\u00abEs nuestro momento, si nos ponemos de acuerdo, yo hago mi jale, para que el ganado tenga mejor gen\u00e9tica y buena nutrici\u00f3n; les ayudaremos a vender su producto y buscar otras econom\u00edas\u00bb, afirm\u00f3 el gobernador Esteban Villegas Villarreal al entregar semilla de avena forrajera y de frijol para los municipios de Poanas, Nombre de Dios, S\u00fachil y Vicente Guerrero.<\/p>\n\n\n\n<p>Estas 100 toneladas de semilla de frijol y las 120 toneladas de semilla de avena forrajera, forman parte del Programa Estatal de Cultivos y Productividad Agr\u00edcola, son estrategias que impulsamos en Durango para mejorar la econom\u00eda de las familias que viven del campo y a su vez, mitigar los estragos que ha dejado la sequ\u00eda, expres\u00f3 el Mandatario.<\/p>\n\n\n\n<p>\u201cUstedes la conocen mejor que yo, es buena semilla de avena, no estamos entregando cualquier cosa; es mejor entregar menos de buena calidad, que mucha que no sirva\u201d, les dijo Villegas Villarreal a los productores a quienes detall\u00f3 que tambi\u00e9n la semilla de frijol es de las mejores, ya que est\u00e1 tratada para que se mantenga libre de plagas y pueda echar mejor ra\u00edz.<\/p>\n\n\n\n<p>Se\u00f1al\u00f3 que por parte del Gobierno del Estado se mantienen vigilantes para eliminar intermediarios en la venta de las cosechas, y solo se beneficie el productor; adicionalmente, se trabaja para potencializar las diferentes bondades de cada regi\u00f3n, as\u00ed como con un programa gen\u00e9tico para aumentar el porcentaje de parici\u00f3n del ganado.<\/p>\n\n\n\n<p>La alcaldesa de Vicente Guerrero, Juanita Acevedo Ibarra, reconoci\u00f3 el respaldo de Villegas Villarreal a los municipios, \u00absabemos de la entrega que tiene el Gobernador en la agricultura como en el comercio y la infraestructura, siempre preocupado por todos los sectores\u00bb.<\/p>\n\n\n\n<p>De igual manera, Nancy V\u00e1zquez, presidenta municipal de Nombre de Dios, agradeci\u00f3 por la construcci\u00f3n de bordos de abrevadero; \u00absola no la hubiera podido hacer y con esta mezcla, hicimos rendir el recurso\u00bb, expres\u00f3 al reconocer que el Mandatario Estatal sabe de las necesidades de la gente, tiene una gran sensibilidad y sobre todo, porque \u00e9l ya fue presidente municipal. A este reconocimiento se sum\u00f3 el presidente municipal de S\u00fachil, Rodolfo Vidales, quien adem\u00e1s mencion\u00f3 la mejora en los caminos rurales.<\/p>\n\n\n\n<p>En representaci\u00f3n de la presidenta de Poanas, Araceli Aispuro, C\u00e9sar Barr\u00f3n Manzanares, destac\u00f3 el gran equipo con el que cuenta el Gobernador, que se preocupa tanto por la llegada de inversiones a la entidad, as\u00ed como por la gente del campo.<\/p>\n\n\n\n<p>Rogelio Soto Ochoa, presidente de la Uni\u00f3n Ganadera Regional de Durango, habl\u00f3 sobre los programas acertados que realiza el Gobierno para enfrentar sequ\u00eda, as\u00ed como otras acciones para mejorar producci\u00f3n de calidad y dio a conocer que gracias a ello, va a la alza la venta de becerro en la frontera.<\/p>\n\n\n\n<p>A este evento, tambi\u00e9n acompa\u00f1aron al Mandatario Estatal, Ana Rosa Hern\u00e1ndez Renter\u00eda, secretaria de Obras P\u00fablicas (Secope), Jaime Fern\u00e1ndez Saracho, director de la Comisi\u00f3n Estatal de Vivienda (Coesvi) y David Pay\u00e1n Guerrero, secretario de Bienestar Social del Estado.<\/p>\n","protected":false},"excerpt":{"rendered":"<p>13 de julio de 2024.- \u00abSolos no hubi\u00e9ramos podido\u00bb; alcaldes de la regi\u00f3n resaltan el trabajo de Villegas Villarreal en todos los municipios con obras y acciones. \u00abEs nuestro momento, si nos ponemos de acuerdo, yo hago mi jale, para que el ganado tenga mejor gen\u00e9tica y buena nutrici\u00f3n; les ayudaremos a vender su producto&#8230;<\/p>\n","protected":false},"author":1,"featured_media":2609,"comment_status":"open","ping_status":"open","sticky":false,"template":"","format":"standard","meta":{"footnotes":""},"categories":[1],"tags":[],"class_list":["post-2608","post","type-post","status-publish","format-standard","has-post-thumbnail","hentry","category-durango"],"_links":{"self":[{"href":"https:\/\/lagumex.mx\/index\/wp-json\/wp\/v2\/posts\/2608","targetHints":{"allow":["GET"]}}],"collection":[{"href":"https:\/\/lagumex.mx\/index\/wp-json\/wp\/v2\/posts"}],"about":[{"href":"https:\/\/lagumex.mx\/index\/wp-json\/wp\/v2\/types\/post"}],"author":[{"embeddable":true,"href":"https:\/\/lagumex.mx\/index\/wp-json\/wp\/v2\/users\/1"}],"replies":[{"embeddable":true,"href":"https:\/\/lagumex.mx\/index\/wp-json\/wp\/v2\/comments?post=2608"}],"version-history":[{"count":1,"href":"https:\/\/lagumex.mx\/index\/wp-json\/wp\/v2\/posts\/2608\/revisions"}],"predecessor-version":[{"id":2610,"href":"https:\/\/lagumex.mx\/index\/wp-json\/wp\/v2\/posts\/2608\/revisions\/2610"}],"wp:featuredmedia":[{"embeddable":true,"href":"https:\/\/lagumex.mx\/index\/wp-json\/wp\/v2\/media\/2609"}],"wp:attachment":[{"href":"https:\/\/lagumex.mx\/index\/wp-json\/wp\/v2\/media?parent=2608"}],"wp:term":[{"taxonomy":"category","embeddable":true,"href":"https:\/\/lagumex.mx\/index\/wp-json\/wp\/v2\/categories?post=2608"},{"taxonomy":"post_tag","embeddable":true,"href":"https:\/\/lagumex.mx\/index\/wp-json\/wp\/v2\/tags?post=2608"}],"curies":[{"name":"wp","href":"https:\/\/api.w.org\/{rel}","templated":true}]}}