{"id":2596,"date":"2024-07-09T04:19:39","date_gmt":"2024-07-09T04:19:39","guid":{"rendered":"http:\/\/lagumex.mx\/index\/?p=2596"},"modified":"2024-07-23T04:20:53","modified_gmt":"2024-07-23T04:20:53","slug":"como-regalo-para-durango-en-su-461-aniversario-esteban-entrega-obra-del-bajo-puente-francisco-villa","status":"publish","type":"post","link":"https:\/\/lagumex.mx\/index\/durango\/como-regalo-para-durango-en-su-461-aniversario-esteban-entrega-obra-del-bajo-puente-francisco-villa\/","title":{"rendered":"Como regalo para Durango en su 461 Aniversario, Esteban entrega obra del Bajo Puente \u201cFrancisco Villa\u201d"},"content":{"rendered":"\n<p>09 de julio de 2024.-\u201cEl abandono en el que se encontraba esta obra nos causaba enojo como ciudadanos, ahora, nos enorgullece ser duranguense al ver c\u00f3mo qued\u00f3 este espacio\u201d: locatarios del Mercado de Abastos.<\/p>\n\n\n\n<p>\u201cCuando se trabaja en equipo y la pol\u00edtica se utiliza para construir, se pueden hacer grandes cosas; el Bajo Puente Francisco Villa, era una obra fundamental de terminar, ahora esta zona es una transformaci\u00f3n total y lo van a disfrutar todas las familias\u201d, expres\u00f3 el gobernador Esteban Villegas Villarreal al concluir este proyecto, como un regalo para la Ciudad de Durango por su 461 Aniversario.<\/p>\n\n\n\n<p>En este lugar se invirtieron alrededor de 15 millones de pesos, cont\u00f3 con trabajos de terracer\u00eda, obra civil y alba\u00f1iler\u00eda; andadores, una trota pista de tart\u00e1n \u00fanica en su nivel en el estilo p\u00fablico; tambi\u00e9n cuenta con gimnasio, sistema de riego, jardiner\u00eda, mobiliario urbano, alumbrado decorativo y se\u00f1alamientos.<\/p>\n\n\n\n<p>Cuenta con 129 nuevos \u00e1rboles, pasto y 33 mil 825 nuevas plantas, es una transformaci\u00f3n real de la zona, que contribuye a que Durango sea una ciudad m\u00e1s verde, saludable y unida.&nbsp;<\/p>\n\n\n\n<p>El Mandatario Estatal agradeci\u00f3 la confianza y la paciencia de la ciudadan\u00eda para la realizaci\u00f3n de estos trabajos; \u201cno les vamos a quedar mal, ustedes van a ver el cambio radical que vamos a dejar en Durango, en los&nbsp; pr\u00f3ximos a\u00f1os\u201d, dijo.<\/p>\n\n\n\n<p>Villegas Villarreal, adelant\u00f3 que para continuar con la reforestaci\u00f3n y embellecimiento de la capital, en conjunto con el Gobierno Municipal que encabeza To\u00f1o Ochoa, se rescatar\u00e1n las \u00e1reas verdes y arbolado como ya se inici\u00f3 en la salida al Mezquital, en los bulevares Francisco Villa y Domingo Arrieta, asimismo, se empezar\u00e1 a reforestar el bulevar San Ignacio y la salida a Torre\u00f3n rumbo al aeropuerto, detall\u00f3.<\/p>\n\n\n\n<p>En representaci\u00f3n de empresarios del Mercado de Abastos \u201cFrancisco Villa\u201d, Reynaldo Dosal Ib\u00e1\u00f1ez, reconoci\u00f3 la coordinaci\u00f3n que hay entre los Gobiernos Estatal y&nbsp; Municipal para llevar a cabo la realizaci\u00f3n de espacios como este; \u201cel abandono en el que se encontraba esta obra nos causaba enojo como ciudadanos, ahora, me enorgullece ser duranguense al ver estos espacios\u201d, a\u00f1adi\u00f3.<\/p>\n\n\n\n<p>El alcalde capitalino, To\u00f1o Ochoa, asegur\u00f3 que esta \u00e1rea viene a redoblar el esfuerzo que hace el Mandatario Estatal para brindar espacios de convivencia, uni\u00f3n, esparcimiento y seguridad; \u201cdesde que nos comprometimos con los duranguenses, tenemos y hacemos resultados en beneficio de la gran familia de Durango, gracias Gobernador, que chula obra y regalo&nbsp; tan hermoso nos entreg\u00f3 a esta ciudad, lo vamos a valorar, a cuidar&nbsp; y vamos a seguir el ejemplo que usted nos ha dado\u201d, concluy\u00f3.<\/p>\n\n\n\n<p>La titular de la Secretar\u00eda de Comunicaciones y Obras P\u00fablicas (SECOPE), Ana Rosa Hern\u00e1ndez, recalc\u00f3 que en la reconstrucci\u00f3n de dicho espacio, se puso especial atenci\u00f3n en las \u00e1reas verdes para disfrute del dinamismo vial, y es que este proyecto no s\u00f3lo tiene beneficios como el recreo, el esparcimiento o el deleite paisaj\u00edstico, sino tambi\u00e9n, el bienestar f\u00edsico y social; \u201cel Gobernador siempre nos pone el ejemplo del como s\u00ed, por eso, este proyecto que fue abandonado y olvidado, hoy es una entrega de una obra renovada, entregamos resultados para que la gente conf\u00ede en que las cosas s\u00ed se pueden hacer\u201d, apunt\u00f3.<\/p>\n\n\n\n<p>La Secretaria invit\u00f3 a disfrutar de este espacio que cumple con los valores humanos, cercanos, inclusivos y accesibles, tal y como lo solicit\u00f3 el Gobernador e inform\u00f3 que los 65 mil veh\u00edculos que transitan por d\u00eda, ahora lo realizar\u00e1n de manera segura y c\u00f3moda.<\/p>\n","protected":false},"excerpt":{"rendered":"<p>09 de julio de 2024.-\u201cEl abandono en el que se encontraba esta obra nos causaba enojo como ciudadanos, ahora, nos enorgullece ser duranguense al ver c\u00f3mo qued\u00f3 este espacio\u201d: locatarios del Mercado de Abastos. \u201cCuando se trabaja en equipo y la pol\u00edtica se utiliza para construir, se pueden hacer grandes cosas; el Bajo Puente Francisco&#8230;<\/p>\n","protected":false},"author":1,"featured_media":2597,"comment_status":"open","ping_status":"open","sticky":false,"template":"","format":"standard","meta":{"footnotes":""},"categories":[1],"tags":[],"class_list":["post-2596","post","type-post","status-publish","format-standard","has-post-thumbnail","hentry","category-durango"],"_links":{"self":[{"href":"https:\/\/lagumex.mx\/index\/wp-json\/wp\/v2\/posts\/2596","targetHints":{"allow":["GET"]}}],"collection":[{"href":"https:\/\/lagumex.mx\/index\/wp-json\/wp\/v2\/posts"}],"about":[{"href":"https:\/\/lagumex.mx\/index\/wp-json\/wp\/v2\/types\/post"}],"author":[{"embeddable":true,"href":"https:\/\/lagumex.mx\/index\/wp-json\/wp\/v2\/users\/1"}],"replies":[{"embeddable":true,"href":"https:\/\/lagumex.mx\/index\/wp-json\/wp\/v2\/comments?post=2596"}],"version-history":[{"count":1,"href":"https:\/\/lagumex.mx\/index\/wp-json\/wp\/v2\/posts\/2596\/revisions"}],"predecessor-version":[{"id":2598,"href":"https:\/\/lagumex.mx\/index\/wp-json\/wp\/v2\/posts\/2596\/revisions\/2598"}],"wp:featuredmedia":[{"embeddable":true,"href":"https:\/\/lagumex.mx\/index\/wp-json\/wp\/v2\/media\/2597"}],"wp:attachment":[{"href":"https:\/\/lagumex.mx\/index\/wp-json\/wp\/v2\/media?parent=2596"}],"wp:term":[{"taxonomy":"category","embeddable":true,"href":"https:\/\/lagumex.mx\/index\/wp-json\/wp\/v2\/categories?post=2596"},{"taxonomy":"post_tag","embeddable":true,"href":"https:\/\/lagumex.mx\/index\/wp-json\/wp\/v2\/tags?post=2596"}],"curies":[{"name":"wp","href":"https:\/\/api.w.org\/{rel}","templated":true}]}}