{"id":2580,"date":"2024-07-05T02:55:10","date_gmt":"2024-07-05T02:55:10","guid":{"rendered":"http:\/\/lagumex.mx\/index\/?p=2580"},"modified":"2024-07-05T02:55:10","modified_gmt":"2024-07-05T02:55:10","slug":"insta-alcalde-a-federacion-llevar-a-cabo-mesa-de-trabajo-sobre-el-canon-de-fernandez","status":"publish","type":"post","link":"https:\/\/lagumex.mx\/index\/lerdo\/insta-alcalde-a-federacion-llevar-a-cabo-mesa-de-trabajo-sobre-el-canon-de-fernandez\/","title":{"rendered":"Insta Alcalde a Federaci\u00f3n llevar a cabo mesa de trabajo sobre el Ca\u00f1\u00f3n de Fern\u00e1ndez"},"content":{"rendered":"\n<p>04 de julio de 2024..-Al t\u00e9rmino de la sesi\u00f3n de cabildo, el Alcalde Homero Mart\u00ednez Cabrera inst\u00f3 al gobierno federal a llevar a cabo una mesa de trabajo para analizar el tema de la<strong>\u00a0federalizaci\u00f3n del Ca\u00f1\u00f3n de Fern\u00e1ndez.<\/strong>\u00a0Esto se debe a que, actualmente, personal del Municipio a\u00fan colabora con la\u00a0<strong>seguridad y el mantenimiento del espacio.<\/strong> Homero Mart\u00ednez exhort\u00f3 a llevar a cabo esta mesa de trabajo con la presencia de autoridades de los tres niveles de gobierno, federal, estatal y municipal, para acordar los responsables del<strong>\u00a0mantenimiento, vigilancia, cuidado y prevenci\u00f3n.<\/strong>El edil coment\u00f3 que el objetivo es trabajar de la mano para analizar el tema tras el decreto que establece al\u00a0<strong>Parque Estatal Ca\u00f1\u00f3n de Fern\u00e1ndez como un \u00c1rea Nacional Protegida<\/strong>, en teor\u00eda cien por ciento a cargo de la federaci\u00f3n. \u201cPero no podemos descuidar este tema, pues es un espacio natural dentro del Municipio de Lerdo y el\u00a0<strong>patrimonio natural m\u00e1s importante de Ciudad Jard\u00edn<\/strong>\u201d, a\u00f1adi\u00f3<\/p>\n","protected":false},"excerpt":{"rendered":"<p>04 de julio de 2024..-Al t\u00e9rmino de la sesi\u00f3n de cabildo, el Alcalde Homero Mart\u00ednez Cabrera inst\u00f3 al gobierno federal a llevar a cabo una mesa de trabajo para analizar el tema de la\u00a0federalizaci\u00f3n del Ca\u00f1\u00f3n de Fern\u00e1ndez.\u00a0Esto se debe a que, actualmente, personal del Municipio a\u00fan colabora con la\u00a0seguridad y el mantenimiento del espacio&#8230;.<\/p>\n","protected":false},"author":1,"featured_media":2581,"comment_status":"open","ping_status":"open","sticky":false,"template":"","format":"standard","meta":{"footnotes":""},"categories":[3],"tags":[],"class_list":["post-2580","post","type-post","status-publish","format-standard","has-post-thumbnail","hentry","category-lerdo"],"_links":{"self":[{"href":"https:\/\/lagumex.mx\/index\/wp-json\/wp\/v2\/posts\/2580","targetHints":{"allow":["GET"]}}],"collection":[{"href":"https:\/\/lagumex.mx\/index\/wp-json\/wp\/v2\/posts"}],"about":[{"href":"https:\/\/lagumex.mx\/index\/wp-json\/wp\/v2\/types\/post"}],"author":[{"embeddable":true,"href":"https:\/\/lagumex.mx\/index\/wp-json\/wp\/v2\/users\/1"}],"replies":[{"embeddable":true,"href":"https:\/\/lagumex.mx\/index\/wp-json\/wp\/v2\/comments?post=2580"}],"version-history":[{"count":1,"href":"https:\/\/lagumex.mx\/index\/wp-json\/wp\/v2\/posts\/2580\/revisions"}],"predecessor-version":[{"id":2582,"href":"https:\/\/lagumex.mx\/index\/wp-json\/wp\/v2\/posts\/2580\/revisions\/2582"}],"wp:featuredmedia":[{"embeddable":true,"href":"https:\/\/lagumex.mx\/index\/wp-json\/wp\/v2\/media\/2581"}],"wp:attachment":[{"href":"https:\/\/lagumex.mx\/index\/wp-json\/wp\/v2\/media?parent=2580"}],"wp:term":[{"taxonomy":"category","embeddable":true,"href":"https:\/\/lagumex.mx\/index\/wp-json\/wp\/v2\/categories?post=2580"},{"taxonomy":"post_tag","embeddable":true,"href":"https:\/\/lagumex.mx\/index\/wp-json\/wp\/v2\/tags?post=2580"}],"curies":[{"name":"wp","href":"https:\/\/api.w.org\/{rel}","templated":true}]}}