{"id":2574,"date":"2024-07-04T02:49:53","date_gmt":"2024-07-04T02:49:53","guid":{"rendered":"http:\/\/lagumex.mx\/index\/?p=2574"},"modified":"2024-07-05T02:51:47","modified_gmt":"2024-07-05T02:51:47","slug":"continua-abierta-la-convocatoria-para-la-renovacion-de-integrantes-del-consejo-de-cultura-de-coahuila","status":"publish","type":"post","link":"https:\/\/lagumex.mx\/index\/uncategorized\/uac\/uac-uac\/coahuila-coahuila\/continua-abierta-la-convocatoria-para-la-renovacion-de-integrantes-del-consejo-de-cultura-de-coahuila\/","title":{"rendered":"Contin\u00faa abierta la convocatoria para la renovaci\u00f3n de integrantes del Consejo de Cultura de Coahuila"},"content":{"rendered":"\n<p>04 de julio de 20204, <strong>Saltillo, Coahuila de Zaragoza<\/strong>.- El Gobierno del Estado de Coahuila de Zaragoza, a trav\u00e9s de la Secretar\u00eda de Cultura, con la participaci\u00f3n del Comit\u00e9 T\u00e9cnico y con fundamento en los art\u00edculos 137 y 138 de la Ley de Desarrollo Cultural para el Estado de Coahuila de Zaragoza, convocan a la comunidad a la renovaci\u00f3n de los integrantes del Consejo de Cultura.<\/p>\n\n\n\n<p>La convocatoria para renovar a sus integrantes se encuentra abierta y cierra el pr\u00f3ximo 10 de julio seg\u00fan lo dio a conocer la secretaria del ramo Esther Quintana Salinas, quien dijo: \u201cEste \u00f3rgano de car\u00e1cter ciudadano, que con voz y voto coadyuva con el Ejecutivo del Estado en la rector\u00eda de la pol\u00edtica p\u00fablica en materia cultural, representa un espacio de vinculaci\u00f3n, deliberaci\u00f3n, colaboraci\u00f3n y corresponsabilidad entre la autoridad y la sociedad\u201d.<\/p>\n\n\n\n<p>\u201cEn el mismo participan miembros de la sociedad civil, artistas, creadores, gestores y trabajadores de la cultura en general, as\u00ed como Organizaciones No Gubernamentales (ONG), que fungen como v\u00ednculo entre las autoridades y la sociedad\u201d afirm\u00f3 la funcionaria estatal.<\/p>\n\n\n\n<p>Tambi\u00e9n indic\u00f3 que se conforma a nivel ejecutivo por el Gobernador del Estado, as\u00ed como por los titulares de las secretar\u00edas de Cultura, Educaci\u00f3n y Finanzas; del sector p\u00fablico cultural federal hay un representante y otros cinco m\u00e1s por cada regi\u00f3n del estado, que representan a los municipios; el sector art\u00edstico cuenta con dos representantes en las \u00e1reas de teatro, danza, m\u00fasica, artes pl\u00e1sticas y visuales y literatura; y uno m\u00e1s por cada \u00e1rea de cine, cultura popular y patrimonio cultural, promoci\u00f3n cultural, historia y periodismo cultural; adem\u00e1s de un representante de la iniciativa privada, otro de la comunidad acad\u00e9mica relacionado con la cultura y uno m\u00e1s de las ONG tambi\u00e9n del \u00e1mbito cultural.<\/p>\n\n\n\n<p>La convocatoria indica que para ser representante municipal de las cinco regiones se debe postular cualquier persona con trayectoria en la cultura destacada y comprobable antes del 10 de julio, mediante un escrito firmado y dirigido a la Secretar\u00eda de Cultura, con curriculum vitae, y los alcaldes designar\u00e1n al propietario y suplente de cada cargo a m\u00e1s tardar el 18 de agosto.<\/p>\n\n\n\n<p>En el caso de la selecci\u00f3n de los representantes de las diferentes \u00e1reas del arte y cultura consideradas en el Consejo se har\u00e1 a trav\u00e9s de voto libre y secreto entre los miembros del Padr\u00f3n Art\u00edstico y Cultural, el domingo 11 de agosto de las 10:00 a las 16:00 horas en una sede \u00fanica por regi\u00f3n.<\/p>\n\n\n\n<p>Para votar ser\u00e1 necesario presentar una credencial oficial vigente y los resultados se dar\u00e1n a conocer en un plazo no mayor a 5 d\u00edas. La votaci\u00f3n se realizar\u00e1 en colaboraci\u00f3n con el Instituto Nacional Electoral.<\/p>\n\n\n\n<p>Los postulantes deber\u00e1n estar inscritos en el Padr\u00f3n, cuyo proceso de registro cerr\u00f3 el pasado 3 de mayo, tener una trayectoria destacada en su \u00e1rea, superior a los 7 a\u00f1os y no ocupar un puesto en dependencias federales, estatales o municipales.<\/p>\n\n\n\n<p>Una vez que se haya conformado el nuevo equipo del Consejo, en la sesi\u00f3n de instalaci\u00f3n este elegir\u00e1 a un representante de las ONG y a un representante de la comunidad acad\u00e9mica. Los candidatos tambi\u00e9n deben postularse antes del 10 de julio por el mismo canal, en f\u00f3rmula de propietario y suplente, anexando curr\u00edculum de la persona u organizaci\u00f3n y un escrito firmado.<\/p>\n\n\n\n<p>En el caso del representante de la iniciativa privada, este se integrar\u00e1 al Consejo por invitaci\u00f3n del Ejecutivo.<\/p>\n","protected":false},"excerpt":{"rendered":"<p>04 de julio de 20204, Saltillo, Coahuila de Zaragoza.- El Gobierno del Estado de Coahuila de Zaragoza, a trav\u00e9s de la Secretar\u00eda de Cultura, con la participaci\u00f3n del Comit\u00e9 T\u00e9cnico y con fundamento en los art\u00edculos 137 y 138 de la Ley de Desarrollo Cultural para el Estado de Coahuila de Zaragoza, convocan a la&#8230;<\/p>\n","protected":false},"author":1,"featured_media":2575,"comment_status":"open","ping_status":"open","sticky":false,"template":"","format":"standard","meta":{"footnotes":""},"categories":[2],"tags":[],"class_list":["post-2574","post","type-post","status-publish","format-standard","has-post-thumbnail","hentry","category-coahuila-coahuila"],"_links":{"self":[{"href":"https:\/\/lagumex.mx\/index\/wp-json\/wp\/v2\/posts\/2574","targetHints":{"allow":["GET"]}}],"collection":[{"href":"https:\/\/lagumex.mx\/index\/wp-json\/wp\/v2\/posts"}],"about":[{"href":"https:\/\/lagumex.mx\/index\/wp-json\/wp\/v2\/types\/post"}],"author":[{"embeddable":true,"href":"https:\/\/lagumex.mx\/index\/wp-json\/wp\/v2\/users\/1"}],"replies":[{"embeddable":true,"href":"https:\/\/lagumex.mx\/index\/wp-json\/wp\/v2\/comments?post=2574"}],"version-history":[{"count":1,"href":"https:\/\/lagumex.mx\/index\/wp-json\/wp\/v2\/posts\/2574\/revisions"}],"predecessor-version":[{"id":2576,"href":"https:\/\/lagumex.mx\/index\/wp-json\/wp\/v2\/posts\/2574\/revisions\/2576"}],"wp:featuredmedia":[{"embeddable":true,"href":"https:\/\/lagumex.mx\/index\/wp-json\/wp\/v2\/media\/2575"}],"wp:attachment":[{"href":"https:\/\/lagumex.mx\/index\/wp-json\/wp\/v2\/media?parent=2574"}],"wp:term":[{"taxonomy":"category","embeddable":true,"href":"https:\/\/lagumex.mx\/index\/wp-json\/wp\/v2\/categories?post=2574"},{"taxonomy":"post_tag","embeddable":true,"href":"https:\/\/lagumex.mx\/index\/wp-json\/wp\/v2\/tags?post=2574"}],"curies":[{"name":"wp","href":"https:\/\/api.w.org\/{rel}","templated":true}]}}