{"id":2571,"date":"2024-07-01T02:48:47","date_gmt":"2024-07-01T02:48:47","guid":{"rendered":"http:\/\/lagumex.mx\/index\/?p=2571"},"modified":"2024-07-05T02:49:52","modified_gmt":"2024-07-05T02:49:52","slug":"la-fortaleza-de-coahuila-radica-en-nuestras-mujeres-manolo","status":"publish","type":"post","link":"https:\/\/lagumex.mx\/index\/uncategorized\/uac\/uac-uac\/coahuila-coahuila\/la-fortaleza-de-coahuila-radica-en-nuestras-mujeres-manolo\/","title":{"rendered":"La fortaleza de Coahuila radica en nuestras mujeres: Manolo"},"content":{"rendered":"\n<p>01 de julio de 2024, <strong>Saltillo, Coahuila de Zaragoza;<\/strong>.- En la ceremonia de arranque del programa de Preparatoria Abierta \u201cMujeres Echadas Pa\u00b4Delante\u201d, en donde estuvo acompa\u00f1ado por su esposa Paola Rodr\u00edguez L\u00f3pez, presidenta honoraria de la Oficina Inspira, el gobernador Manolo Jim\u00e9nez Salinas reiter\u00f3 su compromiso y el de todo su equipo de trabajo con las mujeres, ya que, para su administraci\u00f3n, su desarrollo es fundamental.<\/p>\n\n\n\n<p>\u00abJunto con mi esposa Paola Rodr\u00edguez L\u00f3pez, el alcalde de Saltillo Chema Fraustro y m\u00e1s de 500 mujeres, dimos arranque al curso de inducci\u00f3n del programa de prepa abierta que forma parte del gran proyecto \u201cMujeres Echadas Pa\u2019Delante\u201d, con el que miles de mujeres coahuilenses podr\u00e1n estudiar gratuitamente la preparatoria. Estamos trabajando por un Coahuila con m\u00e1s mujeres empoderadas y realizadas, porque ustedes son el pilar de nuestra sociedad. \u00a1Cuentan conmigo, aqu\u00ed est\u00e1 el Gobernador de las mujeres para apoyarlas siempre!\u00bb, destac\u00f3 el gobernador.<\/p>\n\n\n\n<p>En este ciclo del programa de Preparatoria Abierta \u201cMujeres Echadas Pa\u00b4Delante\u201d, m\u00e1s de 850 mujeres de Saltillo cursar\u00e1n su educaci\u00f3n media superior en un periodo de 10 meses. Este programa se estar\u00e1 replicando en todas las regiones del estado. Manolo Jim\u00e9nez anunci\u00f3 que se tendr\u00e1n becas para quienes decidan continuar sus estudios profesionales.<\/p>\n\n\n\n<p>\u201cLa fortaleza de Coahuila radica en nuestra gente, y si tenemos m\u00e1s mujeres preparadas, nos convertimos en una comunidad m\u00e1s fuerte\u201d, mencion\u00f3 el Mandatario estatal.<\/p>\n\n\n\n<p>Agreg\u00f3 que para su administraci\u00f3n este es uno de los programas m\u00e1s importantes, porque a trav\u00e9s de las mujeres, se fortalece nuestra comunidad.<\/p>\n\n\n\n<p>\u201cVamos a seguir trabajando todos los d\u00edas para tener m\u00e1s mujeres empoderadas, realizadas y, sobre todo, m\u00e1s mujeres felices\u201d, expres\u00f3.<\/p>\n\n\n\n<p>Jim\u00e9nez Salinas destac\u00f3 que Inspira Coahuila le ayuda a darle seguimiento a los proyectos y programas insignia que comprometieron durante la campa\u00f1a, y que \u00e9ste de preparatoria abierta es uno de esos proyectos.<\/p>\n\n\n\n<p>\u201cMi esposa Paola le estar\u00e1 dando un seguimiento puntual a las acciones de la Estrategia \u00b4Mujeres Echadas Pa\u00b4delante\u00b4 que es transversal porque tiene qu\u00e9 ver con temas como el de educaci\u00f3n, emprendimiento, empleo, y de otros muchos m\u00e1s\u201d, se\u00f1al\u00f3.<\/p>\n\n\n\n<p>Manolo Jim\u00e9nez destac\u00f3 que a trav\u00e9s de Inspira y en coordinaci\u00f3n con otras dependencias, se trabaja en el tema de salud mental y adicciones.<\/p>\n\n\n\n<p>Anunci\u00f3 adem\u00e1s que estos programas son solo el principio, ya que vienen grandes proyectos y programas para todas las mujeres del estado.<\/p>\n\n\n\n<p>Paola Rodr\u00edguez reiter\u00f3 el inter\u00e9s de la actual administraci\u00f3n estatal por impulsar el desarrollo personal y profesional de cada una de las mujeres.<\/p>\n","protected":false},"excerpt":{"rendered":"<p>01 de julio de 2024, Saltillo, Coahuila de Zaragoza;.- En la ceremonia de arranque del programa de Preparatoria Abierta \u201cMujeres Echadas Pa\u00b4Delante\u201d, en donde estuvo acompa\u00f1ado por su esposa Paola Rodr\u00edguez L\u00f3pez, presidenta honoraria de la Oficina Inspira, el gobernador Manolo Jim\u00e9nez Salinas reiter\u00f3 su compromiso y el de todo su equipo de trabajo con&#8230;<\/p>\n","protected":false},"author":1,"featured_media":2572,"comment_status":"open","ping_status":"open","sticky":false,"template":"","format":"standard","meta":{"footnotes":""},"categories":[2],"tags":[],"class_list":["post-2571","post","type-post","status-publish","format-standard","has-post-thumbnail","hentry","category-coahuila-coahuila"],"_links":{"self":[{"href":"https:\/\/lagumex.mx\/index\/wp-json\/wp\/v2\/posts\/2571","targetHints":{"allow":["GET"]}}],"collection":[{"href":"https:\/\/lagumex.mx\/index\/wp-json\/wp\/v2\/posts"}],"about":[{"href":"https:\/\/lagumex.mx\/index\/wp-json\/wp\/v2\/types\/post"}],"author":[{"embeddable":true,"href":"https:\/\/lagumex.mx\/index\/wp-json\/wp\/v2\/users\/1"}],"replies":[{"embeddable":true,"href":"https:\/\/lagumex.mx\/index\/wp-json\/wp\/v2\/comments?post=2571"}],"version-history":[{"count":1,"href":"https:\/\/lagumex.mx\/index\/wp-json\/wp\/v2\/posts\/2571\/revisions"}],"predecessor-version":[{"id":2573,"href":"https:\/\/lagumex.mx\/index\/wp-json\/wp\/v2\/posts\/2571\/revisions\/2573"}],"wp:featuredmedia":[{"embeddable":true,"href":"https:\/\/lagumex.mx\/index\/wp-json\/wp\/v2\/media\/2572"}],"wp:attachment":[{"href":"https:\/\/lagumex.mx\/index\/wp-json\/wp\/v2\/media?parent=2571"}],"wp:term":[{"taxonomy":"category","embeddable":true,"href":"https:\/\/lagumex.mx\/index\/wp-json\/wp\/v2\/categories?post=2571"},{"taxonomy":"post_tag","embeddable":true,"href":"https:\/\/lagumex.mx\/index\/wp-json\/wp\/v2\/tags?post=2571"}],"curies":[{"name":"wp","href":"https:\/\/api.w.org\/{rel}","templated":true}]}}