{"id":2513,"date":"2024-06-28T21:31:00","date_gmt":"2024-06-28T21:31:00","guid":{"rendered":"http:\/\/lagumex.mx\/index\/?p=2513"},"modified":"2024-07-02T21:32:15","modified_gmt":"2024-07-02T21:32:15","slug":"manda-sheinbaum-certidumbre-a-economias-internacionales-con-designacion-de-su-gabinete-esteban-villegas","status":"publish","type":"post","link":"https:\/\/lagumex.mx\/index\/durango\/manda-sheinbaum-certidumbre-a-economias-internacionales-con-designacion-de-su-gabinete-esteban-villegas\/","title":{"rendered":"Manda Sheinbaum certidumbre a econom\u00edas internacionales con designaci\u00f3n de su gabinete: Esteban Villegas"},"content":{"rendered":"\n<p>28 de junio de 2024.- \u201cM\u00e1s all\u00e1 de colores y partidos, es gente que le sabe; har\u00e1n un gobierno serio y profesional con altura de miras\u201d.<\/p>\n\n\n\n<p>Luego de que la virtual presidenta electa Claudia Sheinbaum anunciara otros seis funcionarios que formar\u00e1n parte de su Gabinete, el gobernador Esteban Villegas Villarreal, destac\u00f3 que la pr\u00f3xima titular del Ejecutivo Federal, manda un mensaje positivo a las econom\u00edas del mundo, sobre todo, a los del norte del pa\u00eds, que ser\u00e1 un gobierno t\u00e9cnico y serio con el que tendr\u00e1 una buena relaci\u00f3n.<\/p>\n\n\n\n<p>En entrevista con los medios de comunicaci\u00f3n, el Mandatario Estatal, expuso que entre estos nuevos puestos federales que design\u00f3 Sheinbaum, hay muy buenos perfiles, como en la Secretar\u00eda de Salud, en Finanzas, de Energ\u00eda y de la Funci\u00f3n P\u00fablica.<\/p>\n\n\n\n<p>Record\u00f3 que cuando se llev\u00f3 a cabo el proceso para el primer acuerdo del adeudo de los dos mil 700 millones de pesos con el SAT, heredados por la pasado gobierno de Durango, ah\u00ed estuvo Raquel Buenrostro S\u00e1nchez, quien se encontraba en la Secretar\u00eda de Econom\u00eda, y con quien mantuvo buenos acuerdos en su momento.<\/p>\n\n\n\n<p>De igual forma, coment\u00f3 que ya tuvo la oportunidad de dialogar v\u00eda telef\u00f3nica con Marcelo Ebrard, y que, as\u00ed lo har\u00e1 poco a poco con los dem\u00e1s nombramientos, a fin de continuar proyectos a favor de Durango, se\u00f1al\u00f3.<\/p>\n\n\n\n<p>\u201cM\u00e1s all\u00e1 de colores y partidos, es gente que le sabe\u201d, expres\u00f3 tras recalcar que se trata de un gobierno serio, profesional, con altura de miras&nbsp; y lo \u00fanico que busca, es mejorar las condiciones de vida de los mexicanos, luego de felicitar a la futura Presidenta por tomar estas decisiones.<\/p>\n","protected":false},"excerpt":{"rendered":"<p>28 de junio de 2024.- \u201cM\u00e1s all\u00e1 de colores y partidos, es gente que le sabe; har\u00e1n un gobierno serio y profesional con altura de miras\u201d. Luego de que la virtual presidenta electa Claudia Sheinbaum anunciara otros seis funcionarios que formar\u00e1n parte de su Gabinete, el gobernador Esteban Villegas Villarreal, destac\u00f3 que la pr\u00f3xima titular&#8230;<\/p>\n","protected":false},"author":1,"featured_media":2514,"comment_status":"open","ping_status":"open","sticky":false,"template":"","format":"standard","meta":{"footnotes":""},"categories":[1],"tags":[],"class_list":["post-2513","post","type-post","status-publish","format-standard","has-post-thumbnail","hentry","category-durango"],"_links":{"self":[{"href":"https:\/\/lagumex.mx\/index\/wp-json\/wp\/v2\/posts\/2513","targetHints":{"allow":["GET"]}}],"collection":[{"href":"https:\/\/lagumex.mx\/index\/wp-json\/wp\/v2\/posts"}],"about":[{"href":"https:\/\/lagumex.mx\/index\/wp-json\/wp\/v2\/types\/post"}],"author":[{"embeddable":true,"href":"https:\/\/lagumex.mx\/index\/wp-json\/wp\/v2\/users\/1"}],"replies":[{"embeddable":true,"href":"https:\/\/lagumex.mx\/index\/wp-json\/wp\/v2\/comments?post=2513"}],"version-history":[{"count":1,"href":"https:\/\/lagumex.mx\/index\/wp-json\/wp\/v2\/posts\/2513\/revisions"}],"predecessor-version":[{"id":2515,"href":"https:\/\/lagumex.mx\/index\/wp-json\/wp\/v2\/posts\/2513\/revisions\/2515"}],"wp:featuredmedia":[{"embeddable":true,"href":"https:\/\/lagumex.mx\/index\/wp-json\/wp\/v2\/media\/2514"}],"wp:attachment":[{"href":"https:\/\/lagumex.mx\/index\/wp-json\/wp\/v2\/media?parent=2513"}],"wp:term":[{"taxonomy":"category","embeddable":true,"href":"https:\/\/lagumex.mx\/index\/wp-json\/wp\/v2\/categories?post=2513"},{"taxonomy":"post_tag","embeddable":true,"href":"https:\/\/lagumex.mx\/index\/wp-json\/wp\/v2\/tags?post=2513"}],"curies":[{"name":"wp","href":"https:\/\/api.w.org\/{rel}","templated":true}]}}