{"id":2496,"date":"2024-07-02T09:21:00","date_gmt":"2024-07-02T09:21:00","guid":{"rendered":"http:\/\/lagumex.mx\/index\/?p=2496"},"modified":"2024-07-02T21:22:02","modified_gmt":"2024-07-02T21:22:02","slug":"ratifican-a-jaime-lozano-como-entrenador-de-la-seleccion-mexicana","status":"publish","type":"post","link":"https:\/\/lagumex.mx\/index\/sports\/ratifican-a-jaime-lozano-como-entrenador-de-la-seleccion-mexicana\/","title":{"rendered":"Ratifican a Jaime Lozano como entrenador de la Selecci\u00f3n Mexicana"},"content":{"rendered":"\n<p>02 de julio de 2024.- <strong>El presidente de la Federaci\u00f3n Mexicana de Futbol\u00a0<\/strong>(FMF), Ivar Sisniega,<a href=\"https:\/\/esto.com.mx\/828382-seleccion-mexicana-en-copa-america-mensaje-tras-eliminacion-fue-desafortunada-especialista\/\">\u00a0<\/a>insisti\u00f3 en que no tienen contemplado prescindir de los servicios de Jaime Lozano tras la eliminaci\u00f3n de M\u00e9xico\u00a0<strong>en la Copa Am\u00e9rica.<\/strong><\/p>\n\n\n\n<p><strong>Lo que s\u00ed se analizar\u00e1 ser\u00e1 que se haya nuevas incorporaciones en el cuerpo t\u00e9cnico<\/strong>&nbsp;<strong>del equipo mexicano,&nbsp;<\/strong>que ser\u00e1 uno de los planteamientos que se presentar\u00e1 ante la Asamblea de Due\u00f1os.<\/p>\n\n\n\n<p>\u201cEn el proyecto no estamos contemplando cambio de cuerpo t\u00e9cnico.&nbsp;<strong>Se ha hablado y probablemente estaremos buscando reforzar al cuerpo t\u00e9cnico<\/strong>, ya lo hemos manejado abiertamente pero no estamos pensando en cambiar al cuerpo t\u00e9cnico\u201d, as\u00ed lo dio a conocer a su llegada al aeropuerto de Toluca.<\/p>\n","protected":false},"excerpt":{"rendered":"<p>02 de julio de 2024.- El presidente de la Federaci\u00f3n Mexicana de Futbol\u00a0(FMF), Ivar Sisniega,\u00a0insisti\u00f3 en que no tienen contemplado prescindir de los servicios de Jaime Lozano tras la eliminaci\u00f3n de M\u00e9xico\u00a0en la Copa Am\u00e9rica. Lo que s\u00ed se analizar\u00e1 ser\u00e1 que se haya nuevas incorporaciones en el cuerpo t\u00e9cnico&nbsp;del equipo mexicano,&nbsp;que ser\u00e1 uno de&#8230;<\/p>\n","protected":false},"author":1,"featured_media":2497,"comment_status":"open","ping_status":"open","sticky":false,"template":"","format":"standard","meta":{"footnotes":""},"categories":[4],"tags":[],"class_list":["post-2496","post","type-post","status-publish","format-standard","has-post-thumbnail","hentry","category-sports"],"_links":{"self":[{"href":"https:\/\/lagumex.mx\/index\/wp-json\/wp\/v2\/posts\/2496","targetHints":{"allow":["GET"]}}],"collection":[{"href":"https:\/\/lagumex.mx\/index\/wp-json\/wp\/v2\/posts"}],"about":[{"href":"https:\/\/lagumex.mx\/index\/wp-json\/wp\/v2\/types\/post"}],"author":[{"embeddable":true,"href":"https:\/\/lagumex.mx\/index\/wp-json\/wp\/v2\/users\/1"}],"replies":[{"embeddable":true,"href":"https:\/\/lagumex.mx\/index\/wp-json\/wp\/v2\/comments?post=2496"}],"version-history":[{"count":1,"href":"https:\/\/lagumex.mx\/index\/wp-json\/wp\/v2\/posts\/2496\/revisions"}],"predecessor-version":[{"id":2498,"href":"https:\/\/lagumex.mx\/index\/wp-json\/wp\/v2\/posts\/2496\/revisions\/2498"}],"wp:featuredmedia":[{"embeddable":true,"href":"https:\/\/lagumex.mx\/index\/wp-json\/wp\/v2\/media\/2497"}],"wp:attachment":[{"href":"https:\/\/lagumex.mx\/index\/wp-json\/wp\/v2\/media?parent=2496"}],"wp:term":[{"taxonomy":"category","embeddable":true,"href":"https:\/\/lagumex.mx\/index\/wp-json\/wp\/v2\/categories?post=2496"},{"taxonomy":"post_tag","embeddable":true,"href":"https:\/\/lagumex.mx\/index\/wp-json\/wp\/v2\/tags?post=2496"}],"curies":[{"name":"wp","href":"https:\/\/api.w.org\/{rel}","templated":true}]}}